{"id":968,"date":"2012-03-24T01:42:41","date_gmt":"2012-03-23T23:42:41","guid":{"rendered":"http:\/\/www.sportverband-detmold.de\/?p=968"},"modified":"2012-04-10T17:55:19","modified_gmt":"2012-04-10T15:55:19","slug":"einladung-zur-mitgliederversammlung-2012-am-17-04-um-19-00-uhr","status":"publish","type":"post","link":"https:\/\/www.sportverband-detmold.de\/?p=968","title":{"rendered":"Einladung zur Mitgliederversammlung 2012 am 17.04. um 19.00 Uhr"},"content":{"rendered":"<p>Der Sportverband l\u00e4dt zu seiner Mitgliederversammlung ein.\u00a0Sie\u00a0findet statt am<\/p>\n<p style=\"text-align: center;\"><strong>Dienstag, den 17.04.2012 um 19.00 Uhr<br \/>\n<\/strong><strong>in R\u00e4umen der Stadtwerke Detmold<br \/>\n<\/strong><strong>Am Gelskamp 10,<br \/>\n<\/strong><strong>32756 Detmold<\/strong><\/p>\n<p>\u00a0Tagesordnung:<\/p>\n<ol>\n<li>Begr\u00fc\u00dfung<\/li>\n<li>Totengedenken<\/li>\n<li>Gru\u00dfworte des Hausherrn und der G\u00e4ste<\/li>\n<li>Berichte des Vorstandes und der Fachwarte<\/li>\n<li>Bericht des Kassenwartes<\/li>\n<li>Bericht der Kassenpr\u00fcfer<\/li>\n<li>Entlastung des Kassenwartes und des Vorstandes<\/li>\n<li>Neuwahlen zum Vorstand<\/li>\n<li>Neuwahlen der Kassenpr\u00fcfer\/-innen<\/li>\n<li>Sponsoringvertrag mit den Stadtwerken<\/li>\n<li>Termine<\/li>\n<li>Mitteilungen, Anfragen und Verschiedenes<\/li>\n<\/ol>\n<p>\u00a0Die dazu geh\u00f6renden Dokumente finden Sie nachfolgend:<\/p>\n<ul>\n<li>die komplette Einladung <a href=\"https:\/\/www.sportverband-detmold.de\/wp-content\/uploads\/2012\/03\/Einladung-17-04-12.pdf\">Einladung 17 04 12<\/a><\/li>\n<li>Tagesordnung <a href=\"https:\/\/www.sportverband-detmold.de\/wp-content\/uploads\/2012\/03\/Tagesordnung-17-04-12.pdf\">Tagesordnung 17 04 12<\/a><\/li>\n<li>das Protokoll der Mitgliederversammlung 2011 <a href=\"https:\/\/www.sportverband-detmold.de\/wp-content\/uploads\/2012\/03\/Protokoll-Jhv-2011.pdf\">Protokoll Jhv 2011<\/a><\/li>\n<li>das Protokoll der ao Mitgliederversammlung Okt. 2011 <a href=\"https:\/\/www.sportverband-detmold.de\/wp-content\/uploads\/2012\/03\/Bericht-ao-Mitgliederversammlung2.pdf\">Bericht ao Mitgliederversammlung<\/a><\/li>\n<\/ul>\n","protected":false},"excerpt":{"rendered":"<p>Der Sportverband l\u00e4dt zu seiner Mitgliederversammlung ein.\u00a0Sie\u00a0findet statt am Dienstag, den 17.04.2012 um 19.00 Uhr in R\u00e4umen der Stadtwerke Detmold Am Gelskamp 10, 32756 Detmold \u00a0Tagesordnung: Begr\u00fc\u00dfung Totengedenken Gru\u00dfworte des Hausherrn und der G\u00e4ste&#46;&#46;&#46;<\/p>\n","protected":false},"author":2,"featured_media":0,"comment_status":"closed","ping_status":"closed","sticky":false,"template":"","format":"standard","meta":{"footnotes":""},"categories":[1],"tags":[81,7],"class_list":["post-968","post","type-post","status-publish","format-standard","hentry","category-allgemein","tag-81","tag-jahreshauptversammlung"],"_links":{"self":[{"href":"https:\/\/www.sportverband-detmold.de\/index.php?rest_route=\/wp\/v2\/posts\/968","targetHints":{"allow":["GET"]}}],"collection":[{"href":"https:\/\/www.sportverband-detmold.de\/index.php?rest_route=\/wp\/v2\/posts"}],"about":[{"href":"https:\/\/www.sportverband-detmold.de\/index.php?rest_route=\/wp\/v2\/types\/post"}],"author":[{"embeddable":true,"href":"https:\/\/www.sportverband-detmold.de\/index.php?rest_route=\/wp\/v2\/users\/2"}],"replies":[{"embeddable":true,"href":"https:\/\/www.sportverband-detmold.de\/index.php?rest_route=%2Fwp%2Fv2%2Fcomments&post=968"}],"version-history":[{"count":6,"href":"https:\/\/www.sportverband-detmold.de\/index.php?rest_route=\/wp\/v2\/posts\/968\/revisions"}],"predecessor-version":[{"id":1013,"href":"https:\/\/www.sportverband-detmold.de\/index.php?rest_route=\/wp\/v2\/posts\/968\/revisions\/1013"}],"wp:attachment":[{"href":"https:\/\/www.sportverband-detmold.de\/index.php?rest_route=%2Fwp%2Fv2%2Fmedia&parent=968"}],"wp:term":[{"taxonomy":"category","embeddable":true,"href":"https:\/\/www.sportverband-detmold.de\/index.php?rest_route=%2Fwp%2Fv2%2Fcategories&post=968"},{"taxonomy":"post_tag","embeddable":true,"href":"https:\/\/www.sportverband-detmold.de\/index.php?rest_route=%2Fwp%2Fv2%2Ftags&post=968"}],"curies":[{"name":"wp","href":"https:\/\/api.w.org\/{rel}","templated":true}]}}