{"id":963,"date":"2012-02-15T09:37:58","date_gmt":"2012-02-15T07:37:58","guid":{"rendered":"http:\/\/www.sportverband-detmold.de\/?p=963"},"modified":"2012-02-28T07:25:59","modified_gmt":"2012-02-28T05:25:59","slug":"dr-klaus-meyer-ahrens-erhalt-den-ehrenamtspreis-des-dfb","status":"publish","type":"post","link":"https:\/\/www.sportverband-detmold.de\/?p=963","title":{"rendered":"Dr. Klaus Meyer-Ahrens erh\u00e4lt den Ehrenamtspreis des DFB"},"content":{"rendered":"<p>Der langj\u00e4hrigen Vorsitzende des TSV Detmold e. V.\u00a0 Dr. Klaus Meyer-Ahrens ist mit dem\u00a0Ehrenamtspreis des DFB ausgezeichnet worden. Er ist seit 1987 ehrenamtlich t\u00e4tig und f\u00fcr diese Leistungen geehrt worden.<\/p>\n<p>Weitere Detail finden Sie unter: <a href=\"https:\/\/www.sportverband-detmold.de\/wp-content\/uploads\/2012\/02\/DR.-Meyer-Ahrens.pdf\">DR. Meyer-Ahrens<\/a><\/p>\n<p>Der Sportverband Detmold gratuliert und w\u00fcnscht weiterhin viel Freude und Schaffenskraft bei der ehrenamtlichen T\u00e4tigkeit f\u00fcr den Sport!<\/p>\n","protected":false},"excerpt":{"rendered":"<p>Der langj\u00e4hrigen Vorsitzende des TSV Detmold e. V.\u00a0 Dr. Klaus Meyer-Ahrens ist mit dem\u00a0Ehrenamtspreis des DFB ausgezeichnet worden. Er ist seit 1987 ehrenamtlich t\u00e4tig und f\u00fcr diese Leistungen geehrt worden. Weitere Detail finden Sie&#46;&#46;&#46;<\/p>\n","protected":false},"author":2,"featured_media":0,"comment_status":"closed","ping_status":"closed","sticky":false,"template":"","format":"standard","meta":{"footnotes":""},"categories":[1],"tags":[16],"class_list":["post-963","post","type-post","status-publish","format-standard","hentry","category-allgemein","tag-ehrenamt"],"_links":{"self":[{"href":"https:\/\/www.sportverband-detmold.de\/index.php?rest_route=\/wp\/v2\/posts\/963","targetHints":{"allow":["GET"]}}],"collection":[{"href":"https:\/\/www.sportverband-detmold.de\/index.php?rest_route=\/wp\/v2\/posts"}],"about":[{"href":"https:\/\/www.sportverband-detmold.de\/index.php?rest_route=\/wp\/v2\/types\/post"}],"author":[{"embeddable":true,"href":"https:\/\/www.sportverband-detmold.de\/index.php?rest_route=\/wp\/v2\/users\/2"}],"replies":[{"embeddable":true,"href":"https:\/\/www.sportverband-detmold.de\/index.php?rest_route=%2Fwp%2Fv2%2Fcomments&post=963"}],"version-history":[{"count":3,"href":"https:\/\/www.sportverband-detmold.de\/index.php?rest_route=\/wp\/v2\/posts\/963\/revisions"}],"predecessor-version":[{"id":973,"href":"https:\/\/www.sportverband-detmold.de\/index.php?rest_route=\/wp\/v2\/posts\/963\/revisions\/973"}],"wp:attachment":[{"href":"https:\/\/www.sportverband-detmold.de\/index.php?rest_route=%2Fwp%2Fv2%2Fmedia&parent=963"}],"wp:term":[{"taxonomy":"category","embeddable":true,"href":"https:\/\/www.sportverband-detmold.de\/index.php?rest_route=%2Fwp%2Fv2%2Fcategories&post=963"},{"taxonomy":"post_tag","embeddable":true,"href":"https:\/\/www.sportverband-detmold.de\/index.php?rest_route=%2Fwp%2Fv2%2Ftags&post=963"}],"curies":[{"name":"wp","href":"https:\/\/api.w.org\/{rel}","templated":true}]}}