{"id":762,"date":"2011-06-29T10:10:29","date_gmt":"2011-06-29T08:10:29","guid":{"rendered":"http:\/\/www.sportverband-detmold.de\/?p=762"},"modified":"2011-07-10T19:03:56","modified_gmt":"2011-07-10T17:03:56","slug":"ruhestand","status":"publish","type":"post","link":"https:\/\/www.sportverband-detmold.de\/?p=762","title":{"rendered":"Klaus Vothknecht geht in den Ruhestand"},"content":{"rendered":"<p>Am 30. Juni 2011 geht der Leiter des Fachbereichs 4 &#8211; Schule, Bildung und Sport &#8211; der Stadt Detmold, Herr Klaus Vothknecht, in seinen verdienten Ruhestand.<br \/>\nDer Sportverband Detmold bedankt sich im Namen der gesamten Sportfamilie f\u00fcr die langj\u00e4hrige Zusammenarbeit und f\u00fcr seine Bem\u00fchungen um die F\u00f6rderung des Sportes in Detmold. Gleichzeitig\u00a0bedauern wir, dass wir mit Klaus Vothknecht einen kompetenten Ansprechpartner f\u00fcr alle Sportangelegenheiten in Detmold verlieren.<br \/>\nWir w\u00fcnschen Herrn Vothknecht f\u00fcr\u00a0die Zukunft als Ruhest\u00e4ndler\u00a0alles Gute und viel Gesundheit.<\/p>\n","protected":false},"excerpt":{"rendered":"<p>Am 30. Juni 2011 geht der Leiter des Fachbereichs 4 &#8211; Schule, Bildung und Sport &#8211; der Stadt Detmold, Herr Klaus Vothknecht, in seinen verdienten Ruhestand. Der Sportverband Detmold bedankt sich im Namen der&#46;&#46;&#46;<\/p>\n","protected":false},"author":2,"featured_media":0,"comment_status":"closed","ping_status":"closed","sticky":false,"template":"","format":"standard","meta":{"footnotes":""},"categories":[1],"tags":[74],"class_list":["post-762","post","type-post","status-publish","format-standard","hentry","category-allgemein","tag-ruhestand"],"_links":{"self":[{"href":"https:\/\/www.sportverband-detmold.de\/index.php?rest_route=\/wp\/v2\/posts\/762","targetHints":{"allow":["GET"]}}],"collection":[{"href":"https:\/\/www.sportverband-detmold.de\/index.php?rest_route=\/wp\/v2\/posts"}],"about":[{"href":"https:\/\/www.sportverband-detmold.de\/index.php?rest_route=\/wp\/v2\/types\/post"}],"author":[{"embeddable":true,"href":"https:\/\/www.sportverband-detmold.de\/index.php?rest_route=\/wp\/v2\/users\/2"}],"replies":[{"embeddable":true,"href":"https:\/\/www.sportverband-detmold.de\/index.php?rest_route=%2Fwp%2Fv2%2Fcomments&post=762"}],"version-history":[{"count":7,"href":"https:\/\/www.sportverband-detmold.de\/index.php?rest_route=\/wp\/v2\/posts\/762\/revisions"}],"predecessor-version":[{"id":764,"href":"https:\/\/www.sportverband-detmold.de\/index.php?rest_route=\/wp\/v2\/posts\/762\/revisions\/764"}],"wp:attachment":[{"href":"https:\/\/www.sportverband-detmold.de\/index.php?rest_route=%2Fwp%2Fv2%2Fmedia&parent=762"}],"wp:term":[{"taxonomy":"category","embeddable":true,"href":"https:\/\/www.sportverband-detmold.de\/index.php?rest_route=%2Fwp%2Fv2%2Fcategories&post=762"},{"taxonomy":"post_tag","embeddable":true,"href":"https:\/\/www.sportverband-detmold.de\/index.php?rest_route=%2Fwp%2Fv2%2Ftags&post=762"}],"curies":[{"name":"wp","href":"https:\/\/api.w.org\/{rel}","templated":true}]}}