{"id":6364,"date":"2020-02-24T08:09:57","date_gmt":"2020-02-24T07:09:57","guid":{"rendered":"http:\/\/www.sportverband-detmold.de\/?p=6364"},"modified":"2020-02-24T08:54:51","modified_gmt":"2020-02-24T07:54:51","slug":"indiaca-klassenerhalt-geschafft","status":"publish","type":"post","link":"https:\/\/www.sportverband-detmold.de\/?p=6364","title":{"rendered":"Indiaca: Klassenerhalt geschafft"},"content":{"rendered":"<div id=\"attachment_6365\" style=\"width: 310px\" class=\"wp-caption alignright\"><a href=\"https:\/\/www.sportverband-detmold.de\/wp-content\/uploads\/2020\/02\/Mixed-2.jpg\"><img loading=\"lazy\" decoding=\"async\" aria-describedby=\"caption-attachment-6365\" class=\"wp-image-6365 size-medium\" src=\"https:\/\/www.sportverband-detmold.de\/wp-content\/uploads\/2020\/02\/Mixed-2-300x169.jpg\" alt=\"\" width=\"300\" height=\"169\" srcset=\"https:\/\/www.sportverband-detmold.de\/wp-content\/uploads\/2020\/02\/Mixed-2-300x169.jpg 300w, https:\/\/www.sportverband-detmold.de\/wp-content\/uploads\/2020\/02\/Mixed-2-768x432.jpg 768w, https:\/\/www.sportverband-detmold.de\/wp-content\/uploads\/2020\/02\/Mixed-2-1024x576.jpg 1024w\" sizes=\"auto, (max-width: 300px) 100vw, 300px\" \/><\/a><p id=\"caption-attachment-6365\" class=\"wp-caption-text\">(Foto: Timo Roesler)<\/p><\/div>\n<p>Die Mixed 2 des CVJM Pivitsheide kann sich schon jetzt auf den vorzeitigen Klassenerhalt in der Indiaca-Oberliga freuen. Nach dem Aufstieg von der Verbandsliga in die Oberliga des WTB im vergangen Jahr, war das angesagte Ziel zum Saisonbeginn den Klassenerhalt zu schaffen. Am vorletzten Spieltag reichte ein Sieg gegen Hausd\u00fclmen 2 mit 3:1 S\u00e4tzen aus. Die Niederlage gegen Wattenscheid mit 0:3 konnte die Freude \u00fcber den Klassenerhalt nicht schm\u00e4lern. Das mit Abstand j\u00fcngste Team in der Oberliga mit einem Durchschnittsalter von 19 Jahren hat damit als \u201eUnderdog\u201c sich bei den etablierten Teams einen Namen verschaffen k\u00f6nnen.<\/p>\n<p>Die Basis der Mixed 2 in Pivitsheide sind die Nachwuchsspieler der Jugend Mixed 15-18 Jahre, dazu kommen noch ehemalige Jugendspieler die in den letzten beiden Jahren aus Altersgr\u00fcnden zu den Erwachsenen wechseln mussten und zwei Routiniers. Diese Mischung aus jungen und erfahrenen Spielern mit einem etablierten Trainer, war eine sehr gute Basis f\u00fcr die Saison. Auf insgesamt 14 Spielern und Spielerinnen konnte der Trainer Stephan K\u00e4stner in der aktuellen Spielzeit zur\u00fcckgreifen.<\/p>\n<p>Lara Petry<\/p>\n","protected":false},"excerpt":{"rendered":"<p>Die Mixed 2 des CVJM Pivitsheide kann sich schon jetzt auf den vorzeitigen Klassenerhalt in der Indiaca-Oberliga freuen. Nach dem Aufstieg von der Verbandsliga in die Oberliga des WTB im vergangen Jahr, war das&#46;&#46;&#46;<\/p>\n","protected":false},"author":1,"featured_media":6365,"comment_status":"closed","ping_status":"closed","sticky":false,"template":"","format":"standard","meta":{"footnotes":""},"categories":[28],"tags":[111],"class_list":["post-6364","post","type-post","status-publish","format-standard","has-post-thumbnail","hentry","category-sportbetrieb","tag-indiaca"],"_links":{"self":[{"href":"https:\/\/www.sportverband-detmold.de\/index.php?rest_route=\/wp\/v2\/posts\/6364","targetHints":{"allow":["GET"]}}],"collection":[{"href":"https:\/\/www.sportverband-detmold.de\/index.php?rest_route=\/wp\/v2\/posts"}],"about":[{"href":"https:\/\/www.sportverband-detmold.de\/index.php?rest_route=\/wp\/v2\/types\/post"}],"author":[{"embeddable":true,"href":"https:\/\/www.sportverband-detmold.de\/index.php?rest_route=\/wp\/v2\/users\/1"}],"replies":[{"embeddable":true,"href":"https:\/\/www.sportverband-detmold.de\/index.php?rest_route=%2Fwp%2Fv2%2Fcomments&post=6364"}],"version-history":[{"count":4,"href":"https:\/\/www.sportverband-detmold.de\/index.php?rest_route=\/wp\/v2\/posts\/6364\/revisions"}],"predecessor-version":[{"id":6369,"href":"https:\/\/www.sportverband-detmold.de\/index.php?rest_route=\/wp\/v2\/posts\/6364\/revisions\/6369"}],"wp:featuredmedia":[{"embeddable":true,"href":"https:\/\/www.sportverband-detmold.de\/index.php?rest_route=\/wp\/v2\/media\/6365"}],"wp:attachment":[{"href":"https:\/\/www.sportverband-detmold.de\/index.php?rest_route=%2Fwp%2Fv2%2Fmedia&parent=6364"}],"wp:term":[{"taxonomy":"category","embeddable":true,"href":"https:\/\/www.sportverband-detmold.de\/index.php?rest_route=%2Fwp%2Fv2%2Fcategories&post=6364"},{"taxonomy":"post_tag","embeddable":true,"href":"https:\/\/www.sportverband-detmold.de\/index.php?rest_route=%2Fwp%2Fv2%2Ftags&post=6364"}],"curies":[{"name":"wp","href":"https:\/\/api.w.org\/{rel}","templated":true}]}}