{"id":633,"date":"2011-01-17T10:08:45","date_gmt":"2011-01-17T08:08:45","guid":{"rendered":"http:\/\/www.sportverband-detmold.de\/?p=633"},"modified":"2011-01-17T14:20:25","modified_gmt":"2011-01-17T12:20:25","slug":"versicherungspflicht-von-minderjahrigen-ubungsleitern","status":"publish","type":"post","link":"https:\/\/www.sportverband-detmold.de\/?p=633","title":{"rendered":"Versicherungspflicht von minderj\u00e4hrigen \u00dcbungsleitern"},"content":{"rendered":"<h2><span style=\"font-family: Arial; font-size: x-small;\">Die ARAG-Sportversicherung hat Hinweise \u00fcber Bestimmungen zur Haftpflichtversicherung von minderj\u00e4hrigen \u00dcbungsleitern ver\u00f6ffentlicht, die im folgenden Schreiben f\u00fcr alle Interessierten zusammengefasst sind.<\/span><\/h2>\n<h2><span style=\"font-family: Arial; font-size: x-small;\"><a href=\"https:\/\/www.sportverband-detmold.de\/wp-content\/uploads\/2011\/01\/Haftpflicht-bei-minderj__hrigen-__bungsleitern.pdf\">Haftpflicht bei minderj__hrigen __bungsleitern<\/a><\/span><\/h2>\n","protected":false},"excerpt":{"rendered":"<p>Die ARAG-Sportversicherung hat Hinweise \u00fcber Bestimmungen zur Haftpflichtversicherung von minderj\u00e4hrigen \u00dcbungsleitern ver\u00f6ffentlicht, die im folgenden Schreiben f\u00fcr alle Interessierten zusammengefasst sind. Haftpflicht bei minderj__hrigen __bungsleitern<\/p>\n","protected":false},"author":2,"featured_media":0,"comment_status":"closed","ping_status":"closed","sticky":false,"template":"","format":"standard","meta":{"footnotes":""},"categories":[1,28],"tags":[64],"class_list":["post-633","post","type-post","status-publish","format-standard","hentry","category-allgemein","category-sportbetrieb","tag-sportversicherung"],"_links":{"self":[{"href":"https:\/\/www.sportverband-detmold.de\/index.php?rest_route=\/wp\/v2\/posts\/633","targetHints":{"allow":["GET"]}}],"collection":[{"href":"https:\/\/www.sportverband-detmold.de\/index.php?rest_route=\/wp\/v2\/posts"}],"about":[{"href":"https:\/\/www.sportverband-detmold.de\/index.php?rest_route=\/wp\/v2\/types\/post"}],"author":[{"embeddable":true,"href":"https:\/\/www.sportverband-detmold.de\/index.php?rest_route=\/wp\/v2\/users\/2"}],"replies":[{"embeddable":true,"href":"https:\/\/www.sportverband-detmold.de\/index.php?rest_route=%2Fwp%2Fv2%2Fcomments&post=633"}],"version-history":[{"count":6,"href":"https:\/\/www.sportverband-detmold.de\/index.php?rest_route=\/wp\/v2\/posts\/633\/revisions"}],"predecessor-version":[{"id":636,"href":"https:\/\/www.sportverband-detmold.de\/index.php?rest_route=\/wp\/v2\/posts\/633\/revisions\/636"}],"wp:attachment":[{"href":"https:\/\/www.sportverband-detmold.de\/index.php?rest_route=%2Fwp%2Fv2%2Fmedia&parent=633"}],"wp:term":[{"taxonomy":"category","embeddable":true,"href":"https:\/\/www.sportverband-detmold.de\/index.php?rest_route=%2Fwp%2Fv2%2Fcategories&post=633"},{"taxonomy":"post_tag","embeddable":true,"href":"https:\/\/www.sportverband-detmold.de\/index.php?rest_route=%2Fwp%2Fv2%2Ftags&post=633"}],"curies":[{"name":"wp","href":"https:\/\/api.w.org\/{rel}","templated":true}]}}