{"id":6267,"date":"2020-01-27T08:17:09","date_gmt":"2020-01-27T07:17:09","guid":{"rendered":"http:\/\/www.sportverband-detmold.de\/?p=6267"},"modified":"2020-01-27T11:59:34","modified_gmt":"2020-01-27T10:59:34","slug":"detmolder-turntalente-stolz-auf-den-bundesadler","status":"publish","type":"post","link":"https:\/\/www.sportverband-detmold.de\/?p=6267","title":{"rendered":"Detmolder Turntalente stolz auf den Bundesadler"},"content":{"rendered":"<div id=\"attachment_6268\" style=\"width: 310px\" class=\"wp-caption alignright\"><a href=\"https:\/\/www.sportverband-detmold.de\/wp-content\/uploads\/2020\/01\/Fotos-Bundeskaderturnerinnen-002.jpg\"><img loading=\"lazy\" decoding=\"async\" aria-describedby=\"caption-attachment-6268\" class=\"wp-image-6268 size-medium\" src=\"https:\/\/www.sportverband-detmold.de\/wp-content\/uploads\/2020\/01\/Fotos-Bundeskaderturnerinnen-002-300x201.jpg\" alt=\"\" width=\"300\" height=\"201\" srcset=\"https:\/\/www.sportverband-detmold.de\/wp-content\/uploads\/2020\/01\/Fotos-Bundeskaderturnerinnen-002-300x201.jpg 300w, https:\/\/www.sportverband-detmold.de\/wp-content\/uploads\/2020\/01\/Fotos-Bundeskaderturnerinnen-002-768x514.jpg 768w, https:\/\/www.sportverband-detmold.de\/wp-content\/uploads\/2020\/01\/Fotos-Bundeskaderturnerinnen-002-1024x685.jpg 1024w\" sizes=\"auto, (max-width: 300px) 100vw, 300px\" \/><\/a><p id=\"caption-attachment-6268\" class=\"wp-caption-text\">(Foto: H.-J. D\u00f6rrer)<\/p><\/div>\n<p>\u201eWer den Spitzensport will, muss das Talent suchen. Wer das Talent gefunden hat, muss es nach Kr\u00e4ften f\u00f6rdern.\u201c Nach diesem Credo des ehemaligen NRW-Kultusministers und Initiator des NRW-Talentf\u00f6rderprograms in Zusammenarbeit von Schule und Verein\/Verband\u201c J\u00fcrgen Girgensohn wird in der Turn-Talentschule am Detmolder Landesleistungsst\u00fctzpunkt im weiblichen Ger\u00e4tturnen seit nunmehr 40 Jahren gearbeitet. Und das mit nachhaltigen Erfolgen, wie die Statistik mit 10 Bundeskaderturnerinnen, ebenso vielen Deutschen Meisterschaften und zahlreichen internationalen Nominierungen bis hin zur Olympiateilnahme von Nadine Jarosch bei den Olympischen Spielen 2012 in London eindrucksvoll beweist.<\/p>\n<p>Jetzt haben wieder zwei Talente den Sprung in den Bundeskader geschafft: Mia Lutkova (Detmolder Sportverein) und Lia Feline Mass (TV Heidenoldendorf) haben Ende letzten Jahres beim Bundeskadertest in Halle so gut abgeschnitten, dass sie von der Bundesnachwuchstrainerin Claudia Schunk in den nationalen Talentkader aufgenommen wurden. Sichtbares Zeichen daf\u00fcr sind die neuen Turntrikots mit dem Bundesadler, die alle Nachwuchsturnerinnen bekommen haben.<\/p>\n<p>Hans-Joachim D\u00f6rrer<\/p>\n","protected":false},"excerpt":{"rendered":"<p>\u201eWer den Spitzensport will, muss das Talent suchen. Wer das Talent gefunden hat, muss es nach Kr\u00e4ften f\u00f6rdern.\u201c Nach diesem Credo des ehemaligen NRW-Kultusministers und Initiator des NRW-Talentf\u00f6rderprograms in Zusammenarbeit von Schule und Verein\/Verband\u201c&#46;&#46;&#46;<\/p>\n","protected":false},"author":1,"featured_media":6268,"comment_status":"closed","ping_status":"closed","sticky":false,"template":"","format":"standard","meta":{"footnotes":""},"categories":[96,28],"tags":[],"class_list":["post-6267","post","type-post","status-publish","format-standard","has-post-thumbnail","hentry","category-kinderturnen","category-sportbetrieb"],"_links":{"self":[{"href":"https:\/\/www.sportverband-detmold.de\/index.php?rest_route=\/wp\/v2\/posts\/6267","targetHints":{"allow":["GET"]}}],"collection":[{"href":"https:\/\/www.sportverband-detmold.de\/index.php?rest_route=\/wp\/v2\/posts"}],"about":[{"href":"https:\/\/www.sportverband-detmold.de\/index.php?rest_route=\/wp\/v2\/types\/post"}],"author":[{"embeddable":true,"href":"https:\/\/www.sportverband-detmold.de\/index.php?rest_route=\/wp\/v2\/users\/1"}],"replies":[{"embeddable":true,"href":"https:\/\/www.sportverband-detmold.de\/index.php?rest_route=%2Fwp%2Fv2%2Fcomments&post=6267"}],"version-history":[{"count":4,"href":"https:\/\/www.sportverband-detmold.de\/index.php?rest_route=\/wp\/v2\/posts\/6267\/revisions"}],"predecessor-version":[{"id":6273,"href":"https:\/\/www.sportverband-detmold.de\/index.php?rest_route=\/wp\/v2\/posts\/6267\/revisions\/6273"}],"wp:featuredmedia":[{"embeddable":true,"href":"https:\/\/www.sportverband-detmold.de\/index.php?rest_route=\/wp\/v2\/media\/6268"}],"wp:attachment":[{"href":"https:\/\/www.sportverband-detmold.de\/index.php?rest_route=%2Fwp%2Fv2%2Fmedia&parent=6267"}],"wp:term":[{"taxonomy":"category","embeddable":true,"href":"https:\/\/www.sportverband-detmold.de\/index.php?rest_route=%2Fwp%2Fv2%2Fcategories&post=6267"},{"taxonomy":"post_tag","embeddable":true,"href":"https:\/\/www.sportverband-detmold.de\/index.php?rest_route=%2Fwp%2Fv2%2Ftags&post=6267"}],"curies":[{"name":"wp","href":"https:\/\/api.w.org\/{rel}","templated":true}]}}