{"id":5363,"date":"2018-09-14T08:56:36","date_gmt":"2018-09-14T06:56:36","guid":{"rendered":"http:\/\/www.sportverband-detmold.de\/?p=5363"},"modified":"2018-09-14T08:56:36","modified_gmt":"2018-09-14T06:56:36","slug":"ehre-wem-ehre-gebuehrt-martin-schueddekopf-im-rathaus-empfangen","status":"publish","type":"post","link":"https:\/\/www.sportverband-detmold.de\/?p=5363","title":{"rendered":"Ehre wem Ehre geb\u00fchrt: Martin Sch\u00fcddekopf im Rathaus empfangen"},"content":{"rendered":"<div id=\"attachment_5364\" style=\"width: 310px\" class=\"wp-caption alignright\"><a href=\"https:\/\/www.sportverband-detmold.de\/?attachment_id=5364\" rel=\"attachment wp-att-5364\"><img loading=\"lazy\" decoding=\"async\" aria-describedby=\"caption-attachment-5364\" class=\"size-medium wp-image-5364\" src=\"https:\/\/www.sportverband-detmold.de\/wp-content\/uploads\/2018\/09\/Empfang_Nordic-Walking-Vize-300x200.jpg\" alt=\"\" width=\"300\" height=\"200\" srcset=\"https:\/\/www.sportverband-detmold.de\/wp-content\/uploads\/2018\/09\/Empfang_Nordic-Walking-Vize-300x200.jpg 300w, https:\/\/www.sportverband-detmold.de\/wp-content\/uploads\/2018\/09\/Empfang_Nordic-Walking-Vize-768x512.jpg 768w, https:\/\/www.sportverband-detmold.de\/wp-content\/uploads\/2018\/09\/Empfang_Nordic-Walking-Vize-1024x683.jpg 1024w\" sizes=\"auto, (max-width: 300px) 100vw, 300px\" \/><\/a><p id=\"caption-attachment-5364\" class=\"wp-caption-text\">Empfang beim B\u00fcrgermeister (Foto: Stadt Detmold)<\/p><\/div>\n<p>Martin Sch\u00fcddekopf vom TSV Bentrup-Lo\u00dfbruch hat sich ganz dem Nordic Walking-Sport verschrieben. Eher zuf\u00e4llig kam er zu der Sportart, die h\u00e4ufig immer noch im Schatten der Laufbewegung steht. \u201eUnd das v\u00f6llig zu Unrecht!\u201c, wie Sch\u00fcddekopf betont.<\/p>\n<p>Mit seinem zweiten Platz \u00fcber 10 km bei den 4. Internationalen Deutschen Nordic-Walking Meisterschaften im Juni in Roding hat er bereits erfolgreich auf sich aufmerksam gemacht und gleichzeitig den Fokus auf das Nordic Walking gelegt.<\/p>\n<p>Jetzt hatte B\u00fcrgermeister Rainer Heller zur pers\u00f6nlichen Ehrung in das Rathaus eingeladen. \u201eIch m\u00f6chte meinen Sport mehr in das Rampenlicht r\u00fccken\u201c, so der Detmolder, der aktuell in der Altersklasse 40 startet. Unterst\u00fctzung findet er dabei bei den Verb\u00e4nden \u201eGerman Fitness Association\u201c (GNFA) und der ENWO (European New Walking Organisation), dem Europ\u00e4ischen Dachverband der Nordic Walker. Beide stehen f\u00fcr Gesundheitssport und gleichzeitig f\u00fcr die F\u00f6rderung des wettkampforientierten Nordic Walking. H\u00e4ufig laufen die n\u00e4mlich nur am Rande von Laufevents mit und bekommen noch nicht mal eine eigene Siegerehrung, doch \u201ewir sp\u00fcren das wachsende Interesse bei den Walkern, auch unsere Veranstaltung, Walk and Run\u2018 in Bentrup-Lo\u00dfbruch erfreut sich gro\u00dfen Zuspruchs\u201c, sieht Sch\u00fcddekopf positiv in die Zukunft. Von B\u00fcrgermeister Heller gab es auf jeden Fall eine pers\u00f6nliche Urkunde f\u00fcr den Deutschen Vizemeister und die besten W\u00fcnsche f\u00fcr die n\u00e4chsten Wettbewerbe.<\/p>\n<p>Stadt Detmold<\/p>\n","protected":false},"excerpt":{"rendered":"<p>Martin Sch\u00fcddekopf vom TSV Bentrup-Lo\u00dfbruch hat sich ganz dem Nordic Walking-Sport verschrieben. Eher zuf\u00e4llig kam er zu der Sportart, die h\u00e4ufig immer noch im Schatten der Laufbewegung steht. \u201eUnd das v\u00f6llig zu Unrecht!\u201c, wie&#46;&#46;&#46;<\/p>\n","protected":false},"author":2,"featured_media":5364,"comment_status":"closed","ping_status":"closed","sticky":false,"template":"","format":"standard","meta":{"footnotes":""},"categories":[28],"tags":[127,59,130],"class_list":["post-5363","post","type-post","status-publish","format-standard","has-post-thumbnail","hentry","category-sportbetrieb","tag-127","tag-deutsche-meisterschaften","tag-nordic-walking"],"_links":{"self":[{"href":"https:\/\/www.sportverband-detmold.de\/index.php?rest_route=\/wp\/v2\/posts\/5363","targetHints":{"allow":["GET"]}}],"collection":[{"href":"https:\/\/www.sportverband-detmold.de\/index.php?rest_route=\/wp\/v2\/posts"}],"about":[{"href":"https:\/\/www.sportverband-detmold.de\/index.php?rest_route=\/wp\/v2\/types\/post"}],"author":[{"embeddable":true,"href":"https:\/\/www.sportverband-detmold.de\/index.php?rest_route=\/wp\/v2\/users\/2"}],"replies":[{"embeddable":true,"href":"https:\/\/www.sportverband-detmold.de\/index.php?rest_route=%2Fwp%2Fv2%2Fcomments&post=5363"}],"version-history":[{"count":2,"href":"https:\/\/www.sportverband-detmold.de\/index.php?rest_route=\/wp\/v2\/posts\/5363\/revisions"}],"predecessor-version":[{"id":5366,"href":"https:\/\/www.sportverband-detmold.de\/index.php?rest_route=\/wp\/v2\/posts\/5363\/revisions\/5366"}],"wp:featuredmedia":[{"embeddable":true,"href":"https:\/\/www.sportverband-detmold.de\/index.php?rest_route=\/wp\/v2\/media\/5364"}],"wp:attachment":[{"href":"https:\/\/www.sportverband-detmold.de\/index.php?rest_route=%2Fwp%2Fv2%2Fmedia&parent=5363"}],"wp:term":[{"taxonomy":"category","embeddable":true,"href":"https:\/\/www.sportverband-detmold.de\/index.php?rest_route=%2Fwp%2Fv2%2Fcategories&post=5363"},{"taxonomy":"post_tag","embeddable":true,"href":"https:\/\/www.sportverband-detmold.de\/index.php?rest_route=%2Fwp%2Fv2%2Ftags&post=5363"}],"curies":[{"name":"wp","href":"https:\/\/api.w.org\/{rel}","templated":true}]}}