{"id":4966,"date":"2018-04-28T07:18:56","date_gmt":"2018-04-28T05:18:56","guid":{"rendered":"http:\/\/www.sportverband-detmold.de\/?p=4966"},"modified":"2018-04-28T07:18:56","modified_gmt":"2018-04-28T05:18:56","slug":"hase-hermi-laeuft-mit-bei-sports4kids","status":"publish","type":"post","link":"https:\/\/www.sportverband-detmold.de\/?p=4966","title":{"rendered":"Hase \u201eHermi\u201c l\u00e4uft mit bei Sports4Kids"},"content":{"rendered":"<div id=\"attachment_4967\" style=\"width: 310px\" class=\"wp-caption alignright\"><a href=\"https:\/\/www.sportverband-detmold.de\/?attachment_id=4967\" rel=\"attachment wp-att-4967\"><img loading=\"lazy\" decoding=\"async\" aria-describedby=\"caption-attachment-4967\" class=\"size-medium wp-image-4967\" src=\"https:\/\/www.sportverband-detmold.de\/wp-content\/uploads\/2018\/04\/Taufe_Maskottchen_Sports4Kids-300x200.jpg\" alt=\"\" width=\"300\" height=\"200\" srcset=\"https:\/\/www.sportverband-detmold.de\/wp-content\/uploads\/2018\/04\/Taufe_Maskottchen_Sports4Kids-300x200.jpg 300w, https:\/\/www.sportverband-detmold.de\/wp-content\/uploads\/2018\/04\/Taufe_Maskottchen_Sports4Kids-768x512.jpg 768w, https:\/\/www.sportverband-detmold.de\/wp-content\/uploads\/2018\/04\/Taufe_Maskottchen_Sports4Kids-1024x683.jpg 1024w\" sizes=\"auto, (max-width: 300px) 100vw, 300px\" \/><\/a><p id=\"caption-attachment-4967\" class=\"wp-caption-text\">Taufe Maskottchen Sports4Kids (Foto: Stadt Detmold)<\/p><\/div>\n<p><strong>Kita \u201eHiddeser Berg\u201c und Kita \u201eSenfkorn\u201c gewinnen Namenswettbewerb<\/strong><\/p>\n<p>Hase \u201eHermi\u201c begleitet ab sofort das Projekt \u201eSports4Kids\u201c: In einer kleinen Feierstunde in der Kita \u201eHiddeser Berg\u201c taufte Detmolds K\u00e4mmerer und I. Beigeordneter Frank Hilker das Maskottchen zusammen mit Kindern der Kitas \u201eHiddeser Berg\u201c und \u201eSenfkorn\u201c im Beisein von G\u00e4sten des Sportverbandes Detmold e. V., der Sparkasse Paderborn-Detmold und des Lions Club Detmold auf seinen neuen Namen.<\/p>\n<p>Ein Maskottchen ohne Namen ist kein richtiges Maskottchen. Deswegen waren alle Detmolder Kitas aufgerufen, sich in einem Wettbewerb einen Namen f\u00fcr den Hasen auszudenken. 60 kreative und einfallsreiche Vorschl\u00e4ge sind daraufhin bei der Stadt Detmold eingegangen. Geworden ist es dann \u201eHermi\u201c, denn: \u201eEs sollte kein eindeutiger Jungen- oder M\u00e4dchenname sein, damit sich alle Kinder angesprochen f\u00fchlen. Au\u00dferdem soll der Name zeigen, dass der Hase zu Detmold geh\u00f6rt, denn wir leben ja auch alle hier\u201c, erkl\u00e4rte Frank Hilker. Eingereicht hatte den Namensvorschlag die Kita \u201eHiddeser Berg\u201c. Als Preis \u00fcberreichte Frank Hilker einen Gutschein f\u00fcr Spielger\u00e4te in H\u00f6he von 150 Euro. Den zweiten Platz belegt die Kita \u201eSenfkorn\u201c, die den Vorschlag \u201eHoppi-Hermi\u201c eingereicht hatte. Freuen darf sich die Kita \u201eSenfkorn\u201c \u00fcber einen 100-Euro-Gutschein f\u00fcr Spielger\u00e4te. Zudem erhalten alle Kitas, die sich am Wettbewerb beteiligt haben, Gutscheine f\u00fcr die Detmolder Freib\u00e4der.<\/p>\n<p>Das Projekt \u201eSports4Kids\u201c soll Spa\u00df an Spiel, Sport und Bewegung schon in jungen Jahren vermitteln und nachhaltig im Alltag von Kindern verankern. Erprobt wird das Programm bereits seit einigen Jahren in Bielefeld. Die Stadt Detmold bringt das Projekt zusammen mit dem Sportverband Detmold e. V. nun nach Detmold. Dabei erh\u00e4lt jedes Detmolder Kind zum vierten Geburtstag einen Gutschein im Wert von 50 Euro \u00fcber eine einj\u00e4hrige Mitgliedschaft in einem Detmolder Sportverein. Finanziert wird das Projekt durch eine Sockelfinanzierung im st\u00e4dtischen Haushalt. Gef\u00f6rdert wird das Projekt in Detmold von der Sparkasse Paderborn-Detmold als Hauptsponsor und dem Lions Club Detmold.<\/p>\n<p>Der Start des Projekts und damit die Ausgabe der ersten Gutscheine werden im Sommer 2018 erfolgen. Dazu ist f\u00fcr den 09. Juni eine Auftaktveranstaltung f\u00fcr alle interessierten B\u00fcrgerinnen und B\u00fcrger mit Spiel und Spa\u00df geplant. \u00dcber das Programm wird vorab rechtzeitig informiert.<\/p>\n<p>Pressemitteilung der Stadt Detmold<\/p>\n","protected":false},"excerpt":{"rendered":"<p>Kita \u201eHiddeser Berg\u201c und Kita \u201eSenfkorn\u201c gewinnen Namenswettbewerb Hase \u201eHermi\u201c begleitet ab sofort das Projekt \u201eSports4Kids\u201c: In einer kleinen Feierstunde in der Kita \u201eHiddeser Berg\u201c taufte Detmolds K\u00e4mmerer und I. Beigeordneter Frank Hilker das&#46;&#46;&#46;<\/p>\n","protected":false},"author":2,"featured_media":4967,"comment_status":"closed","ping_status":"closed","sticky":false,"template":"","format":"standard","meta":{"footnotes":""},"categories":[1],"tags":[128],"class_list":["post-4966","post","type-post","status-publish","format-standard","has-post-thumbnail","hentry","category-allgemein","tag-sports4kids"],"_links":{"self":[{"href":"https:\/\/www.sportverband-detmold.de\/index.php?rest_route=\/wp\/v2\/posts\/4966","targetHints":{"allow":["GET"]}}],"collection":[{"href":"https:\/\/www.sportverband-detmold.de\/index.php?rest_route=\/wp\/v2\/posts"}],"about":[{"href":"https:\/\/www.sportverband-detmold.de\/index.php?rest_route=\/wp\/v2\/types\/post"}],"author":[{"embeddable":true,"href":"https:\/\/www.sportverband-detmold.de\/index.php?rest_route=\/wp\/v2\/users\/2"}],"replies":[{"embeddable":true,"href":"https:\/\/www.sportverband-detmold.de\/index.php?rest_route=%2Fwp%2Fv2%2Fcomments&post=4966"}],"version-history":[{"count":2,"href":"https:\/\/www.sportverband-detmold.de\/index.php?rest_route=\/wp\/v2\/posts\/4966\/revisions"}],"predecessor-version":[{"id":5101,"href":"https:\/\/www.sportverband-detmold.de\/index.php?rest_route=\/wp\/v2\/posts\/4966\/revisions\/5101"}],"wp:featuredmedia":[{"embeddable":true,"href":"https:\/\/www.sportverband-detmold.de\/index.php?rest_route=\/wp\/v2\/media\/4967"}],"wp:attachment":[{"href":"https:\/\/www.sportverband-detmold.de\/index.php?rest_route=%2Fwp%2Fv2%2Fmedia&parent=4966"}],"wp:term":[{"taxonomy":"category","embeddable":true,"href":"https:\/\/www.sportverband-detmold.de\/index.php?rest_route=%2Fwp%2Fv2%2Fcategories&post=4966"},{"taxonomy":"post_tag","embeddable":true,"href":"https:\/\/www.sportverband-detmold.de\/index.php?rest_route=%2Fwp%2Fv2%2Ftags&post=4966"}],"curies":[{"name":"wp","href":"https:\/\/api.w.org\/{rel}","templated":true}]}}