{"id":4809,"date":"2018-02-21T20:30:58","date_gmt":"2018-02-21T19:30:58","guid":{"rendered":"http:\/\/www.sportverband-detmold.de\/?p=4809"},"modified":"2018-02-22T07:08:38","modified_gmt":"2018-02-22T06:08:38","slug":"einladung-zum-jugendtag-2018","status":"publish","type":"post","link":"https:\/\/www.sportverband-detmold.de\/?p=4809","title":{"rendered":"Einladung zum Jugendtag 2018"},"content":{"rendered":"<p><strong>Einladung zum Jugendtag<\/strong><\/p>\n<p>Dieser findet<\/p>\n<ul>\n<li>am Mittwoch, den 28. Februar 2018<\/li>\n<li>um 19:15 Uhr<\/li>\n<li>im\u00a0Sporthaus des VFL Hiddesen (Sportplatz am Bent), Bentstr. 10, Detmold<\/li>\n<\/ul>\n<p>statt.<\/p>\n<p>Folgende Tagesordnung ist geplant:<\/p>\n<ol>\n<li>Begr\u00fc\u00dfung<\/li>\n<li>Kurzer R\u00fcckblick 2017<\/li>\n<li>Wahl der \/ des stellvertr. Vorsitzende\/n Sportjugend<\/li>\n<li>Termine \/ Ausblick 2018<\/li>\n<li>Geplanter 5. Detmolder Kindersporttag 2018<\/li>\n<li>Verschiedenes (mit Update zu Sports4Kids)<\/li>\n<\/ol>\n<p>Wir bitten um zahlreiches Erscheinen.<\/p>\n<p>Details entnehmen Sie bitte auch dem anliegenden Dokument:<br \/>\n<a href=\"https:\/\/www.sportverband-detmold.de\/?attachment_id=4810\" rel=\"attachment wp-att-4810\">Einladung-Jugendtag 2018<\/a><\/p>\n","protected":false},"excerpt":{"rendered":"<p>Einladung zum Jugendtag Dieser findet am Mittwoch, den 28. Februar 2018 um 19:15 Uhr im\u00a0Sporthaus des VFL Hiddesen (Sportplatz am Bent), Bentstr. 10, Detmold statt. Folgende Tagesordnung ist geplant: Begr\u00fc\u00dfung Kurzer R\u00fcckblick 2017 Wahl&#46;&#46;&#46;<\/p>\n","protected":false},"author":2,"featured_media":2323,"comment_status":"closed","ping_status":"closed","sticky":false,"template":"","format":"standard","meta":{"footnotes":""},"categories":[1,87],"tags":[127,114],"class_list":["post-4809","post","type-post","status-publish","format-standard","has-post-thumbnail","hentry","category-allgemein","category-jugend","tag-127","tag-jugend"],"_links":{"self":[{"href":"https:\/\/www.sportverband-detmold.de\/index.php?rest_route=\/wp\/v2\/posts\/4809","targetHints":{"allow":["GET"]}}],"collection":[{"href":"https:\/\/www.sportverband-detmold.de\/index.php?rest_route=\/wp\/v2\/posts"}],"about":[{"href":"https:\/\/www.sportverband-detmold.de\/index.php?rest_route=\/wp\/v2\/types\/post"}],"author":[{"embeddable":true,"href":"https:\/\/www.sportverband-detmold.de\/index.php?rest_route=\/wp\/v2\/users\/2"}],"replies":[{"embeddable":true,"href":"https:\/\/www.sportverband-detmold.de\/index.php?rest_route=%2Fwp%2Fv2%2Fcomments&post=4809"}],"version-history":[{"count":3,"href":"https:\/\/www.sportverband-detmold.de\/index.php?rest_route=\/wp\/v2\/posts\/4809\/revisions"}],"predecessor-version":[{"id":5573,"href":"https:\/\/www.sportverband-detmold.de\/index.php?rest_route=\/wp\/v2\/posts\/4809\/revisions\/5573"}],"wp:featuredmedia":[{"embeddable":true,"href":"https:\/\/www.sportverband-detmold.de\/index.php?rest_route=\/wp\/v2\/media\/2323"}],"wp:attachment":[{"href":"https:\/\/www.sportverband-detmold.de\/index.php?rest_route=%2Fwp%2Fv2%2Fmedia&parent=4809"}],"wp:term":[{"taxonomy":"category","embeddable":true,"href":"https:\/\/www.sportverband-detmold.de\/index.php?rest_route=%2Fwp%2Fv2%2Fcategories&post=4809"},{"taxonomy":"post_tag","embeddable":true,"href":"https:\/\/www.sportverband-detmold.de\/index.php?rest_route=%2Fwp%2Fv2%2Ftags&post=4809"}],"curies":[{"name":"wp","href":"https:\/\/api.w.org\/{rel}","templated":true}]}}