{"id":2385,"date":"2015-08-16T07:00:31","date_gmt":"2015-08-16T05:00:31","guid":{"rendered":"http:\/\/www.sportverband-detmold.de\/?p=2385"},"modified":"2015-08-16T06:26:51","modified_gmt":"2015-08-16T04:26:51","slug":"einladung-zu-einem-appmold-workshop","status":"publish","type":"post","link":"https:\/\/www.sportverband-detmold.de\/?p=2385","title":{"rendered":"Einladung zum Appmold Workshop"},"content":{"rendered":"<p>&nbsp;<\/p>\n<p><a href=\"https:\/\/www.sportverband-detmold.de\/?attachment_id=2387\" rel=\"attachment wp-att-2387\"><img loading=\"lazy\" decoding=\"async\" class=\"  wp-image-2387 alignright\" src=\"https:\/\/www.sportverband-detmold.de\/wp-content\/uploads\/2015\/08\/Logo-Appmold-300x210.jpg\" alt=\"Logo Appmold\" width=\"179\" height=\"126\" srcset=\"https:\/\/www.sportverband-detmold.de\/wp-content\/uploads\/2015\/08\/Logo-Appmold-300x210.jpg 300w, https:\/\/www.sportverband-detmold.de\/wp-content\/uploads\/2015\/08\/Logo-Appmold-1024x717.jpg 1024w, https:\/\/www.sportverband-detmold.de\/wp-content\/uploads\/2015\/08\/Logo-Appmold-430x300.jpg 430w, https:\/\/www.sportverband-detmold.de\/wp-content\/uploads\/2015\/08\/Logo-Appmold-70x50.jpg 70w, https:\/\/www.sportverband-detmold.de\/wp-content\/uploads\/2015\/08\/Logo-Appmold.jpg 1378w\" sizes=\"auto, (max-width: 179px) 100vw, 179px\" \/><\/a>Die Stadtwerke Detmold bietet\u00a0mit <em>Appmold\u00a0<\/em>eine neue App f\u00fcr die B\u00fcrger der Stadt Detmold an.<\/p>\n<p>Zentrale Themen sind:<\/p>\n<ul>\n<li>das Leben in den Detmolder Sportvereinen<\/li>\n<li>die Detmolder Gastroszene<\/li>\n<li>ein Mittagstischangebot<\/li>\n<li>Events und Stadtinfos<\/li>\n<li>die Nachrichten der Lippische Landeszeitung<\/li>\n<li>sowie die Wettervorhersage.<\/li>\n<\/ul>\n<p>In der Anlage finden Sie eine Einladung zu dem <strong>Appmold Workshop<\/strong> am <strong>Montag, den 31.8.2015 von 19-20 Uhr<\/strong>.<\/p>\n<p>&#8222;Halten Sie Ihre Mitglieder und Fans auf dem Laufenden \u2013 wir erkl\u00e4ren Ihnen, wie Sie sich schnell und einfach auf Appmold pr\u00e4sentieren k\u00f6nnen&#8220;.<\/p>\n<p>Anmeldungen bitte bis zum <strong>17.8.2015<\/strong> per Mail an <a href=\"mailto:isabel.pessara@stadtwerke-detmold.de\">isabel.pessara@stadtwerke-detmold.de<\/a> oder per Fax an 05231\/66043.<\/p>\n<p>Details finden Sie auf anliegendem Flyer:\u00a0<a href=\"https:\/\/www.sportverband-detmold.de\/?attachment_id=2386\" rel=\"attachment wp-att-2386\">Flyer Workshop_Vereine 99 x 21cm<\/a><\/p>\n","protected":false},"excerpt":{"rendered":"<p>&nbsp; Die Stadtwerke Detmold bietet\u00a0mit Appmold\u00a0eine neue App f\u00fcr die B\u00fcrger der Stadt Detmold an. Zentrale Themen sind: das Leben in den Detmolder Sportvereinen die Detmolder Gastroszene ein Mittagstischangebot Events und Stadtinfos die Nachrichten&#46;&#46;&#46;<\/p>\n","protected":false},"author":2,"featured_media":2387,"comment_status":"closed","ping_status":"closed","sticky":false,"template":"","format":"standard","meta":{"footnotes":""},"categories":[1],"tags":[109,110],"class_list":["post-2385","post","type-post","status-publish","format-standard","has-post-thumbnail","hentry","category-allgemein","tag-app","tag-stadtwerke"],"_links":{"self":[{"href":"https:\/\/www.sportverband-detmold.de\/index.php?rest_route=\/wp\/v2\/posts\/2385","targetHints":{"allow":["GET"]}}],"collection":[{"href":"https:\/\/www.sportverband-detmold.de\/index.php?rest_route=\/wp\/v2\/posts"}],"about":[{"href":"https:\/\/www.sportverband-detmold.de\/index.php?rest_route=\/wp\/v2\/types\/post"}],"author":[{"embeddable":true,"href":"https:\/\/www.sportverband-detmold.de\/index.php?rest_route=\/wp\/v2\/users\/2"}],"replies":[{"embeddable":true,"href":"https:\/\/www.sportverband-detmold.de\/index.php?rest_route=%2Fwp%2Fv2%2Fcomments&post=2385"}],"version-history":[{"count":4,"href":"https:\/\/www.sportverband-detmold.de\/index.php?rest_route=\/wp\/v2\/posts\/2385\/revisions"}],"predecessor-version":[{"id":2391,"href":"https:\/\/www.sportverband-detmold.de\/index.php?rest_route=\/wp\/v2\/posts\/2385\/revisions\/2391"}],"wp:featuredmedia":[{"embeddable":true,"href":"https:\/\/www.sportverband-detmold.de\/index.php?rest_route=\/wp\/v2\/media\/2387"}],"wp:attachment":[{"href":"https:\/\/www.sportverband-detmold.de\/index.php?rest_route=%2Fwp%2Fv2%2Fmedia&parent=2385"}],"wp:term":[{"taxonomy":"category","embeddable":true,"href":"https:\/\/www.sportverband-detmold.de\/index.php?rest_route=%2Fwp%2Fv2%2Fcategories&post=2385"},{"taxonomy":"post_tag","embeddable":true,"href":"https:\/\/www.sportverband-detmold.de\/index.php?rest_route=%2Fwp%2Fv2%2Ftags&post=2385"}],"curies":[{"name":"wp","href":"https:\/\/api.w.org\/{rel}","templated":true}]}}