{"id":2257,"date":"2015-03-28T06:00:35","date_gmt":"2015-03-28T05:00:35","guid":{"rendered":"http:\/\/www.sportverband-detmold.de\/?p=2257"},"modified":"2015-03-28T05:59:22","modified_gmt":"2015-03-28T04:59:22","slug":"nrw-turnliga-kantersieg-der-ktv-detmold","status":"publish","type":"post","link":"https:\/\/www.sportverband-detmold.de\/?p=2257","title":{"rendered":"NRW-Turnliga: Kantersieg der KTV Detmold"},"content":{"rendered":"<div id=\"attachment_2258\" style=\"width: 310px\" class=\"wp-caption alignleft\"><a href=\"https:\/\/www.sportverband-detmold.de\/?attachment_id=2258\" rel=\"attachment wp-att-2258\"><img loading=\"lazy\" decoding=\"async\" aria-describedby=\"caption-attachment-2258\" class=\"size-medium wp-image-2258\" src=\"https:\/\/www.sportverband-detmold.de\/wp-content\/uploads\/2015\/03\/132-300x200.jpg\" alt=\"Die erfolgreichen Turnerinnen (Foto: H. J. D\u00f6rrer)\" width=\"300\" height=\"200\" srcset=\"https:\/\/www.sportverband-detmold.de\/wp-content\/uploads\/2015\/03\/132-300x200.jpg 300w, https:\/\/www.sportverband-detmold.de\/wp-content\/uploads\/2015\/03\/132-1024x683.jpg 1024w\" sizes=\"auto, (max-width: 300px) 100vw, 300px\" \/><\/a><p id=\"caption-attachment-2258\" class=\"wp-caption-text\">Die erfolgreichen Turnerinnen (Foto: H. J. D\u00f6rrer)<\/p><\/div>\n<p>Sie kamen, turnten und siegten: Die Turnerinnen der KTV Detmold landeten zum Auftakt der NRW-Turnliga einen Kantersieg, den sie als Neulinge in dieser h\u00f6chsten Ligaklasse nicht in ihren k\u00fchnsten Tr\u00e4umen erwartet h\u00e4tten.\u00a0 Mit einem Vorsprung von \u00fcber 11Punkten vor der zweitplatzierten Mannschaft aus Ibbenb\u00fcren lie\u00dfen Kristina Iltner, Julia Gr\u00fctzediek, Amy Joy Diekmann und Joana-Celine Klocke der Konkurrenz der \u00fcbrigen sieben Turn-Teams nicht den Hauch einer Chance.<\/p>\n<p>Der Siegeszug begann gleich am ersten Ger\u00e4t, dem Schwebebalken, wo die Detmolderinnen\u00a0 den anderen Mannschaften bis zu sieben Punkte abnahmen. Und mit weiteren H\u00f6chstleistungen am Boden und Sprung bauten sie ihren Vorsprung<\/p>\n<p>kontinuierlich aus. Da konnten auch einige kleine Patzer am abschlie\u00dfenden Stufenbarren den Gesamtsieg nicht mehr gef\u00e4hrden. Im Gegenteil: Kristina Iltner gl\u00e4nzte hier noch einmal mit einer TOP-Wertung von 14,15 Punkten und avancierte damit zur besten Einzelturnerin des Wettkampfes. Aber auch ihre Mannschaftskameradinnen zeigten hochwertige \u00dcbungen und trugen zu dem tollen Erfolg bei.<\/p>\n<p>Nat\u00fcrlich waren Michael Gruhl und Hans-Joachim D\u00f6rrer mit diesem Auftakt der Ligasaison hochzufrieden. \u201eDie Mannschaft war eine Klasse f\u00fcr sich, was wir im Vorfeld nicht erwartet h\u00e4tten. Jetzt k\u00f6nnen wir in Ruhe die restlichen Wettk\u00e4mpfe angehen.\u201c<\/p>\n<p>Hans-Joachim D\u00f6rrer<\/p>\n","protected":false},"excerpt":{"rendered":"<p>Sie kamen, turnten und siegten: Die Turnerinnen der KTV Detmold landeten zum Auftakt der NRW-Turnliga einen Kantersieg, den sie als Neulinge in dieser h\u00f6chsten Ligaklasse nicht in ihren k\u00fchnsten Tr\u00e4umen erwartet h\u00e4tten.\u00a0 Mit einem&#46;&#46;&#46;<\/p>\n","protected":false},"author":2,"featured_media":2258,"comment_status":"closed","ping_status":"closed","sticky":false,"template":"","format":"standard","meta":{"footnotes":""},"categories":[96],"tags":[58],"class_list":["post-2257","post","type-post","status-publish","format-standard","has-post-thumbnail","hentry","category-kinderturnen","tag-kunstturnen"],"_links":{"self":[{"href":"https:\/\/www.sportverband-detmold.de\/index.php?rest_route=\/wp\/v2\/posts\/2257","targetHints":{"allow":["GET"]}}],"collection":[{"href":"https:\/\/www.sportverband-detmold.de\/index.php?rest_route=\/wp\/v2\/posts"}],"about":[{"href":"https:\/\/www.sportverband-detmold.de\/index.php?rest_route=\/wp\/v2\/types\/post"}],"author":[{"embeddable":true,"href":"https:\/\/www.sportverband-detmold.de\/index.php?rest_route=\/wp\/v2\/users\/2"}],"replies":[{"embeddable":true,"href":"https:\/\/www.sportverband-detmold.de\/index.php?rest_route=%2Fwp%2Fv2%2Fcomments&post=2257"}],"version-history":[{"count":2,"href":"https:\/\/www.sportverband-detmold.de\/index.php?rest_route=\/wp\/v2\/posts\/2257\/revisions"}],"predecessor-version":[{"id":2260,"href":"https:\/\/www.sportverband-detmold.de\/index.php?rest_route=\/wp\/v2\/posts\/2257\/revisions\/2260"}],"wp:featuredmedia":[{"embeddable":true,"href":"https:\/\/www.sportverband-detmold.de\/index.php?rest_route=\/wp\/v2\/media\/2258"}],"wp:attachment":[{"href":"https:\/\/www.sportverband-detmold.de\/index.php?rest_route=%2Fwp%2Fv2%2Fmedia&parent=2257"}],"wp:term":[{"taxonomy":"category","embeddable":true,"href":"https:\/\/www.sportverband-detmold.de\/index.php?rest_route=%2Fwp%2Fv2%2Fcategories&post=2257"},{"taxonomy":"post_tag","embeddable":true,"href":"https:\/\/www.sportverband-detmold.de\/index.php?rest_route=%2Fwp%2Fv2%2Ftags&post=2257"}],"curies":[{"name":"wp","href":"https:\/\/api.w.org\/{rel}","templated":true}]}}