{"id":20432,"date":"2026-01-28T16:22:38","date_gmt":"2026-01-28T15:22:38","guid":{"rendered":"https:\/\/www.sportverband-detmold.de\/?p=20432"},"modified":"2026-01-28T16:22:38","modified_gmt":"2026-01-28T15:22:38","slug":"stellenausschreibung-geschaeftsfuehrerin","status":"publish","type":"post","link":"https:\/\/www.sportverband-detmold.de\/?p=20432","title":{"rendered":"Stellenausschreibung Gesch\u00e4ftsf\u00fchrer:in"},"content":{"rendered":"<p><a href=\"https:\/\/www.sportverband-detmold.de\/wp-content\/uploads\/2024\/10\/pexels-artempodrez-8518675-scaled.jpg\"><img loading=\"lazy\" decoding=\"async\" class=\"alignright size-medium wp-image-19701\" src=\"https:\/\/www.sportverband-detmold.de\/wp-content\/uploads\/2024\/10\/pexels-artempodrez-8518675-300x200.jpg\" alt=\"\" width=\"300\" height=\"200\" srcset=\"https:\/\/www.sportverband-detmold.de\/wp-content\/uploads\/2024\/10\/pexels-artempodrez-8518675-300x200.jpg 300w, https:\/\/www.sportverband-detmold.de\/wp-content\/uploads\/2024\/10\/pexels-artempodrez-8518675-1024x683.jpg 1024w, https:\/\/www.sportverband-detmold.de\/wp-content\/uploads\/2024\/10\/pexels-artempodrez-8518675-768x512.jpg 768w, https:\/\/www.sportverband-detmold.de\/wp-content\/uploads\/2024\/10\/pexels-artempodrez-8518675-1536x1024.jpg 1536w, https:\/\/www.sportverband-detmold.de\/wp-content\/uploads\/2024\/10\/pexels-artempodrez-8518675-2048x1365.jpg 2048w\" sizes=\"auto, (max-width: 300px) 100vw, 300px\" \/><\/a>Wir stellen zum 1.2.2026 oder ggfls. sp\u00e4ter einen hauptamtlichen Gesch\u00e4ftsf\u00fchrer<\/p>\n<p>(M\/W\/D) auf Basis 20 Stunden \/ Woche ein.<\/p>\n<p>Wenn Sie Interesse am organisierten Sport, Erfahrungen im Vereinsbereich, eine ausgepr\u00e4gt Organisations-und Kommunikationsf\u00e4higkeit besitzen und eine abgeschlossene Ausbildung haben, freuen wir uns auf Ihre Bewerbung.<\/p>\n<p>Ihre Aufgaben umfassen unter anderem:<\/p>\n<ul>\n<li>Sichtung von F\u00f6rderprogrammen und Umsetzung in den Vereinen<\/li>\n<li>Koordination der Mitarbeitenden und des Ehrenamtes<\/li>\n<li>Die Unterst\u00fctzung der Vereine im Kinder- und Jugendschutz<\/li>\n<li>Weiterentwicklung und Betreuung des Projekts \u201eSports4Kids&#8220;<\/li>\n<li>Organisation von Veranstaltungen und Versammlungen<\/li>\n<li>Netzwerke bei der Zusammenarbeit von Sportverwaltung, Sportvereinen, Schulen und Kindertageseinrichtungen pflegen<\/li>\n<li>Pressearbeit, Social Media f\u00fcr den Detmolder Sport<\/li>\n<li>Mitgliederstatistik f\u00fchren und auswerten<\/li>\n<li>Durchf\u00fchrung der Sportabzeichenehrung<\/li>\n<li>Unterst\u00fctzung bei der Sportlerehrung<\/li>\n<li>Weiterentwicklung der Detmolder Sportlandschaft wie z.B. \u201eSport im Park&#8220;, Hermilauf, Fr\u00fchlingsfest und Sportevents<\/li>\n<li>Gewinnung von Sponsoren und Spendengeldern<\/li>\n<\/ul>\n<p>Ihre Aussagekr\u00e4ftige Bewerbung senden Sie bitte an:<\/p>\n<p>Clemm@sportverband-detmold.de<\/p>\n","protected":false},"excerpt":{"rendered":"<p>Wir stellen zum 1.2.2026 oder ggfls. sp\u00e4ter einen hauptamtlichen Gesch\u00e4ftsf\u00fchrer (M\/W\/D) auf Basis 20 Stunden \/ Woche ein. Wenn Sie Interesse am organisierten Sport, Erfahrungen im Vereinsbereich, eine ausgepr\u00e4gt Organisations-und Kommunikationsf\u00e4higkeit besitzen und eine&#46;&#46;&#46;<\/p>\n","protected":false},"author":1,"featured_media":19701,"comment_status":"closed","ping_status":"closed","sticky":false,"template":"","format":"standard","meta":{"footnotes":""},"categories":[1],"tags":[],"class_list":["post-20432","post","type-post","status-publish","format-standard","has-post-thumbnail","hentry","category-allgemein"],"_links":{"self":[{"href":"https:\/\/www.sportverband-detmold.de\/index.php?rest_route=\/wp\/v2\/posts\/20432","targetHints":{"allow":["GET"]}}],"collection":[{"href":"https:\/\/www.sportverband-detmold.de\/index.php?rest_route=\/wp\/v2\/posts"}],"about":[{"href":"https:\/\/www.sportverband-detmold.de\/index.php?rest_route=\/wp\/v2\/types\/post"}],"author":[{"embeddable":true,"href":"https:\/\/www.sportverband-detmold.de\/index.php?rest_route=\/wp\/v2\/users\/1"}],"replies":[{"embeddable":true,"href":"https:\/\/www.sportverband-detmold.de\/index.php?rest_route=%2Fwp%2Fv2%2Fcomments&post=20432"}],"version-history":[{"count":2,"href":"https:\/\/www.sportverband-detmold.de\/index.php?rest_route=\/wp\/v2\/posts\/20432\/revisions"}],"predecessor-version":[{"id":20434,"href":"https:\/\/www.sportverband-detmold.de\/index.php?rest_route=\/wp\/v2\/posts\/20432\/revisions\/20434"}],"wp:featuredmedia":[{"embeddable":true,"href":"https:\/\/www.sportverband-detmold.de\/index.php?rest_route=\/wp\/v2\/media\/19701"}],"wp:attachment":[{"href":"https:\/\/www.sportverband-detmold.de\/index.php?rest_route=%2Fwp%2Fv2%2Fmedia&parent=20432"}],"wp:term":[{"taxonomy":"category","embeddable":true,"href":"https:\/\/www.sportverband-detmold.de\/index.php?rest_route=%2Fwp%2Fv2%2Fcategories&post=20432"},{"taxonomy":"post_tag","embeddable":true,"href":"https:\/\/www.sportverband-detmold.de\/index.php?rest_route=%2Fwp%2Fv2%2Ftags&post=20432"}],"curies":[{"name":"wp","href":"https:\/\/api.w.org\/{rel}","templated":true}]}}