{"id":20428,"date":"2026-01-28T16:20:20","date_gmt":"2026-01-28T15:20:20","guid":{"rendered":"https:\/\/www.sportverband-detmold.de\/?p=20428"},"modified":"2026-01-28T16:20:34","modified_gmt":"2026-01-28T15:20:34","slug":"einladung-zur-mitgliederversammlung","status":"publish","type":"post","link":"https:\/\/www.sportverband-detmold.de\/?p=20428","title":{"rendered":"Einladung zur Mitgliederversammlung"},"content":{"rendered":"<p><a href=\"https:\/\/www.sportverband-detmold.de\/wp-content\/uploads\/2024\/10\/pexels-jibarofoto-2833037-scaled.jpg\"><img loading=\"lazy\" decoding=\"async\" class=\"alignright size-medium wp-image-19702\" src=\"https:\/\/www.sportverband-detmold.de\/wp-content\/uploads\/2024\/10\/pexels-jibarofoto-2833037-300x200.jpg\" alt=\"\" width=\"300\" height=\"200\" srcset=\"https:\/\/www.sportverband-detmold.de\/wp-content\/uploads\/2024\/10\/pexels-jibarofoto-2833037-300x200.jpg 300w, https:\/\/www.sportverband-detmold.de\/wp-content\/uploads\/2024\/10\/pexels-jibarofoto-2833037-1024x683.jpg 1024w, https:\/\/www.sportverband-detmold.de\/wp-content\/uploads\/2024\/10\/pexels-jibarofoto-2833037-768x512.jpg 768w, https:\/\/www.sportverband-detmold.de\/wp-content\/uploads\/2024\/10\/pexels-jibarofoto-2833037-1536x1024.jpg 1536w, https:\/\/www.sportverband-detmold.de\/wp-content\/uploads\/2024\/10\/pexels-jibarofoto-2833037-2048x1365.jpg 2048w\" sizes=\"auto, (max-width: 300px) 100vw, 300px\" \/><\/a>Sehr geehrte Mitglieder des Sportverbandes Detmold e.V.,<\/p>\n<p>wir laden Sie herzlich zur diesj\u00e4hrigen Mitgliederversammlung ein, die am Dienstag, 24.03.2026, um 19:00 Uhr in den neuen R\u00e4umen der Stadtwerke Detmold, Am Gelskamp in Detmold stattfindet.<\/p>\n<p>Bereits ab 18 Uhr laden die Stadtwerke und der Sportverband zu einem Imbiss und Getr\u00e4nken ein<\/p>\n<p>Tagesordnung:<\/p>\n<p>TOP 1: Begr\u00fc\u00dfung und Gru\u00dfworte<\/p>\n<p>TOP 2: Berichte\/Entlastung<\/p>\n<p>\u2022 Berichte des Vorsitzenden, Kassenwartin und Kassenpr\u00fcfer<\/p>\n<p>TOP 3: Neuwahlen<\/p>\n<ul>\n<li>Kassenwart \/ -in<\/li>\n<li>Stellvertretende \/r Vorsitzende \/r<\/li>\n<li>Sportabzeichenwart\/-in<\/li>\n<li>Integrationsbeauftragte \/r<\/li>\n<li>FSJ-Einsatz\/Stellvertretende\/r Kassenwart\/-in<\/li>\n<li>Gesch\u00e4ftsf\u00fchrer\/in<\/li>\n<\/ul>\n<p>Top 4: Satzungs\u00e4nderung \/ Erg\u00e4nzung<\/p>\n<p>TOP 5: Berichte aus der Verwaltung<\/p>\n<p>TOP 6: Antr\u00e4ge<\/p>\n<p>TOP 7: Verschiedenes<\/p>\n<p>Carsten Lemm, Vorsitzender<\/p>\n<p>Detmold, 23.01.2026<\/p>\n","protected":false},"excerpt":{"rendered":"<p>Sehr geehrte Mitglieder des Sportverbandes Detmold e.V., wir laden Sie herzlich zur diesj\u00e4hrigen Mitgliederversammlung ein, die am Dienstag, 24.03.2026, um 19:00 Uhr in den neuen R\u00e4umen der Stadtwerke Detmold, Am Gelskamp in Detmold stattfindet.&#46;&#46;&#46;<\/p>\n","protected":false},"author":1,"featured_media":19702,"comment_status":"closed","ping_status":"closed","sticky":false,"template":"","format":"standard","meta":{"footnotes":""},"categories":[1],"tags":[],"class_list":["post-20428","post","type-post","status-publish","format-standard","has-post-thumbnail","hentry","category-allgemein"],"_links":{"self":[{"href":"https:\/\/www.sportverband-detmold.de\/index.php?rest_route=\/wp\/v2\/posts\/20428","targetHints":{"allow":["GET"]}}],"collection":[{"href":"https:\/\/www.sportverband-detmold.de\/index.php?rest_route=\/wp\/v2\/posts"}],"about":[{"href":"https:\/\/www.sportverband-detmold.de\/index.php?rest_route=\/wp\/v2\/types\/post"}],"author":[{"embeddable":true,"href":"https:\/\/www.sportverband-detmold.de\/index.php?rest_route=\/wp\/v2\/users\/1"}],"replies":[{"embeddable":true,"href":"https:\/\/www.sportverband-detmold.de\/index.php?rest_route=%2Fwp%2Fv2%2Fcomments&post=20428"}],"version-history":[{"count":3,"href":"https:\/\/www.sportverband-detmold.de\/index.php?rest_route=\/wp\/v2\/posts\/20428\/revisions"}],"predecessor-version":[{"id":20430,"href":"https:\/\/www.sportverband-detmold.de\/index.php?rest_route=\/wp\/v2\/posts\/20428\/revisions\/20430"}],"wp:featuredmedia":[{"embeddable":true,"href":"https:\/\/www.sportverband-detmold.de\/index.php?rest_route=\/wp\/v2\/media\/19702"}],"wp:attachment":[{"href":"https:\/\/www.sportverband-detmold.de\/index.php?rest_route=%2Fwp%2Fv2%2Fmedia&parent=20428"}],"wp:term":[{"taxonomy":"category","embeddable":true,"href":"https:\/\/www.sportverband-detmold.de\/index.php?rest_route=%2Fwp%2Fv2%2Fcategories&post=20428"},{"taxonomy":"post_tag","embeddable":true,"href":"https:\/\/www.sportverband-detmold.de\/index.php?rest_route=%2Fwp%2Fv2%2Ftags&post=20428"}],"curies":[{"name":"wp","href":"https:\/\/api.w.org\/{rel}","templated":true}]}}