{"id":19617,"date":"2024-10-01T09:17:55","date_gmt":"2024-10-01T07:17:55","guid":{"rendered":"https:\/\/www.sportverband-detmold.de\/?p=19617"},"modified":"2024-10-01T09:24:05","modified_gmt":"2024-10-01T07:24:05","slug":"silber-silber-bronze-fuer-lippische-teams-beim-westfalenfinale","status":"publish","type":"post","link":"https:\/\/www.sportverband-detmold.de\/?p=19617","title":{"rendered":"Silber, Silber, Bronze f\u00fcr lippische Teams beim Westfalenfinale"},"content":{"rendered":"<p><a href=\"https:\/\/www.sportverband-detmold.de\/wp-content\/uploads\/2024\/10\/IMG_9207.jpeg\"><img loading=\"lazy\" decoding=\"async\" class=\"alignright size-medium wp-image-19619\" src=\"https:\/\/www.sportverband-detmold.de\/wp-content\/uploads\/2024\/10\/IMG_9207-300x169.jpeg\" alt=\"\" width=\"300\" height=\"169\" srcset=\"https:\/\/www.sportverband-detmold.de\/wp-content\/uploads\/2024\/10\/IMG_9207-300x169.jpeg 300w, https:\/\/www.sportverband-detmold.de\/wp-content\/uploads\/2024\/10\/IMG_9207-1024x576.jpeg 1024w, https:\/\/www.sportverband-detmold.de\/wp-content\/uploads\/2024\/10\/IMG_9207-768x432.jpeg 768w, https:\/\/www.sportverband-detmold.de\/wp-content\/uploads\/2024\/10\/IMG_9207.jpeg 1280w\" sizes=\"auto, (max-width: 300px) 100vw, 300px\" \/><\/a>Zwei volle Tage war das Erich-Berlet-Stadion in Hohenlimburg Schauplatz der westf\u00e4lischen Finalk\u00e4mpfe der Mannschaftswettbewerbe. Und unter den jeweils acht besten Teams der einzelnen Altersklassen waren auch vier aus Lippe dabei. In der m\u00e4nnlichen U14-Klasse wollte die LG Lippe-S\u00fcd nach dem Titel zu greifen, und Adrian Liebig war deshalb extra aus K\u00f6ln angereist. Die Jungen hatten einen starken Auftritt: Ben Krome warf den Ball auf Tagesh\u00f6chstweite von 53m (vor Luis Krahn mit 41,50m) und kam mit 10,60s sehr gut \u00fcber die H\u00fcrden, Oskar Diestelmann und Wolf Kr\u00f6ger sprangen 1,44m hoch, Linus P\u00f6hl 4,67m weit, Paul Striewe lief 10,82s \u00fcber 75m und 2:34,34 min \u00fcber 800m, gefolgt von Paul Zisopoulus mit 2:41,37min. Die 4x75m-Staffel k\u00e4mpfte sich mit 41,84s auf Platz 2 der Tageszeiten, musste sich dabei jedoch den noch st\u00e4rkeren Jungen der LG Olympia Dortmund geschlagen geben. Das wurde auch die Platzierung in der Endabrechnung. Hinter<br \/>\nDortmund mit 6278 Punkten.war man dennoch stolz \u00fcber die Vizemeisterschaft mit 6099 Punkten.<\/p>\n<p>Die M\u00e4dchen U18 der LG Lippe-S\u00fcd, die zusammen mit der SV Ubbedissen eine Startgemeinschaft bilden, hatten ebenfalls starke Leistungen aufzuweisen: Karolina Essing stie\u00df mit 10,78m die Kugel vor allen Konkurrentinnen, die deutsche Meisterin Miranda Wolf dominierte den Speerwurf mit herausragenden 43,08m, Marla Koch spulte die 800m in 2.31,70min herunter, Hanna Rosenh\u00e4ger und Berit Ringel \u00fcbersprangen 1,44 und 1,40m.Aber das reichte nicht, weil die 4x100m-Staffel I disqualifiziert werden musste, und beim Weitsprung zuviel \u00fcbergetreten wurde. Statt eines m\u00f6glichen ersten Platzes mussten sich die M\u00e4dchen dann mit 6747 Punkten mit dem zweiten Platz hinter TV Werne zufrieden<br \/>\ngeben.<\/p>\n<p><a href=\"https:\/\/www.sportverband-detmold.de\/wp-content\/uploads\/2024\/10\/IMG_9194.jpeg\"><img loading=\"lazy\" decoding=\"async\" class=\"alignleft size-medium wp-image-19618\" src=\"https:\/\/www.sportverband-detmold.de\/wp-content\/uploads\/2024\/10\/IMG_9194-300x169.jpeg\" alt=\"\" width=\"300\" height=\"169\" srcset=\"https:\/\/www.sportverband-detmold.de\/wp-content\/uploads\/2024\/10\/IMG_9194-300x169.jpeg 300w, https:\/\/www.sportverband-detmold.de\/wp-content\/uploads\/2024\/10\/IMG_9194-1024x576.jpeg 1024w, https:\/\/www.sportverband-detmold.de\/wp-content\/uploads\/2024\/10\/IMG_9194-768x432.jpeg 768w, https:\/\/www.sportverband-detmold.de\/wp-content\/uploads\/2024\/10\/IMG_9194.jpeg 1280w\" sizes=\"auto, (max-width: 300px) 100vw, 300px\" \/><\/a>Die Jungen U18 der LG LIppe-S\u00fcd, die zusammen mit der LG Lage-Detmold-Bad Salzuflen eine Startgemeinschaft bildeten, mussten Krankheitsausf\u00e4lle verkraften. Zwar lief Tim Lehmeier mit 12,22s am schnellsten \u00fcber 100m, sprang Adrian Mertens 5,28m weit und Erik Steinmeier 1,60m hoch, schleuderte Jannis Brand Kugel und Speer auf 11,95 und 34,60m, und kam die 4x100m-Staffel in 48,43s ins Ziel. Unter dem Strich war das dann der Bronzeplatz mit 7355 Punkten hier LC Paderborn mit 8065 und LG Coesfeld mit 7764 Punkten.<\/p>\n<p>In der weiblichen U16 hatten es die M\u00e4dchen der LG Lage-Detmold-Bad Salzuflen mit enormer Konkurrenz zu tun. Amanda Schr\u00f6der lief 13,55s \u00fcber 100m, Lotta R\u00f6the 2:42,98min \u00fcber 800m, Kaja Weiser 13,30s \u00fcber die 80m H\u00fcrden, oder Jonna Wolf sprang 4,53m weit. Nach einer Staffelzeit von 52,01s hie\u00df das zum Schluss Platz 8.<\/p>\n<p>Alle Ergebnisse sind zu finden unter \u201ewww.flvw\/Termindatenbank.<br \/>\ngez. Klaus Brand<\/p>\n","protected":false},"excerpt":{"rendered":"<p>Zwei volle Tage war das Erich-Berlet-Stadion in Hohenlimburg Schauplatz der westf\u00e4lischen Finalk\u00e4mpfe der Mannschaftswettbewerbe. Und unter den jeweils acht besten Teams der einzelnen Altersklassen waren auch vier aus Lippe dabei. In der m\u00e4nnlichen U14-Klasse&#46;&#46;&#46;<\/p>\n","protected":false},"author":1,"featured_media":19619,"comment_status":"closed","ping_status":"closed","sticky":false,"template":"","format":"standard","meta":{"footnotes":""},"categories":[1],"tags":[],"class_list":["post-19617","post","type-post","status-publish","format-standard","has-post-thumbnail","hentry","category-allgemein"],"_links":{"self":[{"href":"https:\/\/www.sportverband-detmold.de\/index.php?rest_route=\/wp\/v2\/posts\/19617","targetHints":{"allow":["GET"]}}],"collection":[{"href":"https:\/\/www.sportverband-detmold.de\/index.php?rest_route=\/wp\/v2\/posts"}],"about":[{"href":"https:\/\/www.sportverband-detmold.de\/index.php?rest_route=\/wp\/v2\/types\/post"}],"author":[{"embeddable":true,"href":"https:\/\/www.sportverband-detmold.de\/index.php?rest_route=\/wp\/v2\/users\/1"}],"replies":[{"embeddable":true,"href":"https:\/\/www.sportverband-detmold.de\/index.php?rest_route=%2Fwp%2Fv2%2Fcomments&post=19617"}],"version-history":[{"count":2,"href":"https:\/\/www.sportverband-detmold.de\/index.php?rest_route=\/wp\/v2\/posts\/19617\/revisions"}],"predecessor-version":[{"id":19621,"href":"https:\/\/www.sportverband-detmold.de\/index.php?rest_route=\/wp\/v2\/posts\/19617\/revisions\/19621"}],"wp:featuredmedia":[{"embeddable":true,"href":"https:\/\/www.sportverband-detmold.de\/index.php?rest_route=\/wp\/v2\/media\/19619"}],"wp:attachment":[{"href":"https:\/\/www.sportverband-detmold.de\/index.php?rest_route=%2Fwp%2Fv2%2Fmedia&parent=19617"}],"wp:term":[{"taxonomy":"category","embeddable":true,"href":"https:\/\/www.sportverband-detmold.de\/index.php?rest_route=%2Fwp%2Fv2%2Fcategories&post=19617"},{"taxonomy":"post_tag","embeddable":true,"href":"https:\/\/www.sportverband-detmold.de\/index.php?rest_route=%2Fwp%2Fv2%2Ftags&post=19617"}],"curies":[{"name":"wp","href":"https:\/\/api.w.org\/{rel}","templated":true}]}}