{"id":19609,"date":"2024-10-01T09:15:29","date_gmt":"2024-10-01T07:15:29","guid":{"rendered":"https:\/\/www.sportverband-detmold.de\/?p=19609"},"modified":"2024-10-01T09:15:29","modified_gmt":"2024-10-01T07:15:29","slug":"werkstaetten-und-inklusions-turnier-2025-25-01-und-26-01-2025","status":"publish","type":"post","link":"https:\/\/www.sportverband-detmold.de\/?p=19609","title":{"rendered":"Werkst\u00e4tten und Inklusions Turnier 2025 \/ 25.01. und 26.01.2025"},"content":{"rendered":"<p><a href=\"https:\/\/www.sportverband-detmold.de\/wp-content\/uploads\/2024\/10\/TuS_Wappen_als_PNG_transparent.png\"><img loading=\"lazy\" decoding=\"async\" class=\"alignright size-medium wp-image-19610\" src=\"https:\/\/www.sportverband-detmold.de\/wp-content\/uploads\/2024\/10\/TuS_Wappen_als_PNG_transparent-300x278.png\" alt=\"\" width=\"300\" height=\"278\" srcset=\"https:\/\/www.sportverband-detmold.de\/wp-content\/uploads\/2024\/10\/TuS_Wappen_als_PNG_transparent-300x278.png 300w, https:\/\/www.sportverband-detmold.de\/wp-content\/uploads\/2024\/10\/TuS_Wappen_als_PNG_transparent-768x711.png 768w, https:\/\/www.sportverband-detmold.de\/wp-content\/uploads\/2024\/10\/TuS_Wappen_als_PNG_transparent.png 883w\" sizes=\"auto, (max-width: 300px) 100vw, 300px\" \/><\/a>Sehr geehrte Damen und Herren,<\/p>\n<p>Liebe Sportsfreunde,<\/p>\n<p>Wir die Inklusionsmannschaft des Tus Eichholz-Remmighausen (Kreis Detmold ) veranstalten im Januar 2025 wiedermal ein gro\u00dfes Werkst\u00e4tten und Inklusionsturnier<\/p>\n<p>Termine zum vermerken:<\/p>\n<p>25.01.25 Werkst\u00e4tten Turnier \/ 2. Auflage<\/p>\n<p>26.01.25 Inklusionsturnier\u00a0 \/ 3. Auflage<\/p>\n<p>Beim Werkst\u00e4tten Turnier werden Mannschaften aus Behinderteneinrichtungen wie die Lebenshilfe Detmold, Lebenshilfe Lemgo, Eben Ezer, Bethel, Josefsheim Bigge, Caritas Werkst\u00e4tten, Lebenshilfe Solingen, L\u00fcbbecker Werkst\u00e4tten\u00a0 und noch mehr mitwirken.<\/p>\n<p>Bei dem Inklusionsturnier werden dann Vereinsmannschaften &#8222;Inklusiv&#8220; teilnehmen, Djk Datteln, SSV Hagen, Viktoria K\u00f6ln, FC Muckum, Djk Rheinkraft Neuss, Vfb Oldenburg, Delbr\u00fccker SC, SSV Buer, BBW Volmarstein, SC H\u00f6rstel, TSV Ahmshausen und nat\u00fcrlich Ausrichter der beiden Tage der Tus Eichholz-Remmighausen.\u00a0 Es stehen noch weitere Mannschaften in weiteren Zusagen.<\/p>\n<p>Weiter wird es f\u00fcr beide Tage ein tolles Rahmenprogramm geben f\u00fcr alle.<\/p>\n<p>Vor der Halle wird es einen Bratwurstwagen geben von der Fleischerei Kruel. In der Halle ein riesen Verkaufsbereich mit vielen Leckereien;-)<\/p>\n<p>Hiermit laden wir Sie\/euch ganz herzlich ein diese beiden Termine schon einmal zu notieren und hoffen sie bei den beiden Veranstaltungen in der DBB Halle begr\u00fc\u00dfen zu d\u00fcrfen,<\/p>\n<p>Bei Fragen stehe ich Ihnen jederzeit zur Verf\u00fcgung unter der Rufnummer 0151 72882881 oder per Email unter <a href=\"mailto:mba@tus-er.de\">mba@tus-er.de\u00a0<\/a><\/p>\n<p>&nbsp;<\/p>\n<p>Mit sportlichen Gr\u00fc\u00dfen<\/p>\n<p>Mohamed Ali Ben Ayed<br \/>\nInklusionsbeauftragter<br \/>\nEmail: <a href=\"mailto:mba@tus-er.de\">mba@tus-er.de<\/a><br \/>\nHomepage: <a href=\"http:\/\/www.tuseichholzremmighausen.de\/\" data-saferedirecturl=\"https:\/\/www.google.com\/url?q=http:\/\/www.tuseichholzremmighausen.de&amp;source=gmail&amp;ust=1727764061710000&amp;usg=AOvVaw2ua6qsKm2WQ_TUy6Dgh14x\">www.tuseichholzremmighausen.de\u00a0<\/a><\/p>\n","protected":false},"excerpt":{"rendered":"<p>Sehr geehrte Damen und Herren, Liebe Sportsfreunde, Wir die Inklusionsmannschaft des Tus Eichholz-Remmighausen (Kreis Detmold ) veranstalten im Januar 2025 wiedermal ein gro\u00dfes Werkst\u00e4tten und Inklusionsturnier Termine zum vermerken: 25.01.25 Werkst\u00e4tten Turnier \/ 2.&#46;&#46;&#46;<\/p>\n","protected":false},"author":1,"featured_media":2323,"comment_status":"closed","ping_status":"closed","sticky":false,"template":"","format":"standard","meta":{"footnotes":""},"categories":[1],"tags":[],"class_list":["post-19609","post","type-post","status-publish","format-standard","has-post-thumbnail","hentry","category-allgemein"],"_links":{"self":[{"href":"https:\/\/www.sportverband-detmold.de\/index.php?rest_route=\/wp\/v2\/posts\/19609","targetHints":{"allow":["GET"]}}],"collection":[{"href":"https:\/\/www.sportverband-detmold.de\/index.php?rest_route=\/wp\/v2\/posts"}],"about":[{"href":"https:\/\/www.sportverband-detmold.de\/index.php?rest_route=\/wp\/v2\/types\/post"}],"author":[{"embeddable":true,"href":"https:\/\/www.sportverband-detmold.de\/index.php?rest_route=\/wp\/v2\/users\/1"}],"replies":[{"embeddable":true,"href":"https:\/\/www.sportverband-detmold.de\/index.php?rest_route=%2Fwp%2Fv2%2Fcomments&post=19609"}],"version-history":[{"count":2,"href":"https:\/\/www.sportverband-detmold.de\/index.php?rest_route=\/wp\/v2\/posts\/19609\/revisions"}],"predecessor-version":[{"id":19815,"href":"https:\/\/www.sportverband-detmold.de\/index.php?rest_route=\/wp\/v2\/posts\/19609\/revisions\/19815"}],"wp:featuredmedia":[{"embeddable":true,"href":"https:\/\/www.sportverband-detmold.de\/index.php?rest_route=\/wp\/v2\/media\/2323"}],"wp:attachment":[{"href":"https:\/\/www.sportverband-detmold.de\/index.php?rest_route=%2Fwp%2Fv2%2Fmedia&parent=19609"}],"wp:term":[{"taxonomy":"category","embeddable":true,"href":"https:\/\/www.sportverband-detmold.de\/index.php?rest_route=%2Fwp%2Fv2%2Fcategories&post=19609"},{"taxonomy":"post_tag","embeddable":true,"href":"https:\/\/www.sportverband-detmold.de\/index.php?rest_route=%2Fwp%2Fv2%2Ftags&post=19609"}],"curies":[{"name":"wp","href":"https:\/\/api.w.org\/{rel}","templated":true}]}}