{"id":19445,"date":"2024-08-05T15:04:38","date_gmt":"2024-08-05T13:04:38","guid":{"rendered":"https:\/\/www.sportverband-detmold.de\/?p=19445"},"modified":"2024-08-05T15:04:38","modified_gmt":"2024-08-05T13:04:38","slug":"vorbericht-zum-detmolder-residenzlauf-2024-am-17-08-2024","status":"publish","type":"post","link":"https:\/\/www.sportverband-detmold.de\/?p=19445","title":{"rendered":"Vorbericht zum Detmolder Residenzlauf 2024 am 17.08.2024"},"content":{"rendered":"<p><a href=\"https:\/\/www.sportverband-detmold.de\/wp-content\/uploads\/2024\/08\/image002.jpg\"><img loading=\"lazy\" decoding=\"async\" class=\"alignright size-medium wp-image-19446\" src=\"https:\/\/www.sportverband-detmold.de\/wp-content\/uploads\/2024\/08\/image002-258x300.jpg\" alt=\"\" width=\"258\" height=\"300\" srcset=\"https:\/\/www.sportverband-detmold.de\/wp-content\/uploads\/2024\/08\/image002-258x300.jpg 258w, https:\/\/www.sportverband-detmold.de\/wp-content\/uploads\/2024\/08\/image002.jpg 560w\" sizes=\"auto, (max-width: 258px) 100vw, 258px\" \/><\/a>Am 10.08.2024 startet beim Marathonlauf der Olympischen Spielen in Paris Amanal Petros, der Sieger des Detmolder Residenzlaufes 2013. Petros hatte schon 2013 beim Zielinterview die Olympischen Spiele als gro\u00dfes Ziel erkl\u00e4rt. Eine Woche sp\u00e4ter am 17.08.2024 startet der 31. Detmolder Residenzlauf in Detmold auf dem Marktplatz. Insbesondere die ganz jungen L\u00e4uferinnen und L\u00e4ufer werden dort dem gro\u00dfen Vorbild nacheifern und um eine Medaille k\u00e4mpfen.<\/p>\n<p>Der Bambinilauf startet bereits um 17 Uhr. Es folgen die Stadtwerke-Sch\u00fclerl\u00e4ufe \u00fcber 1,5 und 2,5 km. Um 18:20 Uhr startet der A\u00dcG Netzwerk Fitnesslauf und um 19 Uhr der Detmolder Residenzlauf \u00fcber 10 km. Die Anmeldung ist bis zum 14.08.2024 unter www.detmolder-residenzlauf.de m\u00f6glich. Nachmeldungen am Veranstaltungstag sind nicht m\u00f6glich.<\/p>\n<p>Das Startgeld betr\u00e4gt 10 \u20ac, Kinder und Jugendliche sind frei. Die Detmolder Schulen laufen wieder um den Friedrich-Brakemeier-Pokal f\u00fcr die Schule mit der h\u00f6chsten Teilnehmerquote. W\u00e4hrend der Veranstaltung ist mit Verkehrsbehinderungen in der Detmolder Innenstadt zu rechnen. Wer nach dem Vorbild der Olympischen Spiele als Volunteer bei der Veranstaltung mithelfen m\u00f6chte, meldet sich unter mail@detmold-residenzlauf.de.<\/p>\n","protected":false},"excerpt":{"rendered":"<p>Am 10.08.2024 startet beim Marathonlauf der Olympischen Spielen in Paris Amanal Petros, der Sieger des Detmolder Residenzlaufes 2013. Petros hatte schon 2013 beim Zielinterview die Olympischen Spiele als gro\u00dfes Ziel erkl\u00e4rt. Eine Woche sp\u00e4ter&#46;&#46;&#46;<\/p>\n","protected":false},"author":1,"featured_media":17864,"comment_status":"closed","ping_status":"closed","sticky":false,"template":"","format":"standard","meta":{"footnotes":""},"categories":[1],"tags":[],"class_list":["post-19445","post","type-post","status-publish","format-standard","has-post-thumbnail","hentry","category-allgemein"],"_links":{"self":[{"href":"https:\/\/www.sportverband-detmold.de\/index.php?rest_route=\/wp\/v2\/posts\/19445","targetHints":{"allow":["GET"]}}],"collection":[{"href":"https:\/\/www.sportverband-detmold.de\/index.php?rest_route=\/wp\/v2\/posts"}],"about":[{"href":"https:\/\/www.sportverband-detmold.de\/index.php?rest_route=\/wp\/v2\/types\/post"}],"author":[{"embeddable":true,"href":"https:\/\/www.sportverband-detmold.de\/index.php?rest_route=\/wp\/v2\/users\/1"}],"replies":[{"embeddable":true,"href":"https:\/\/www.sportverband-detmold.de\/index.php?rest_route=%2Fwp%2Fv2%2Fcomments&post=19445"}],"version-history":[{"count":2,"href":"https:\/\/www.sportverband-detmold.de\/index.php?rest_route=\/wp\/v2\/posts\/19445\/revisions"}],"predecessor-version":[{"id":19448,"href":"https:\/\/www.sportverband-detmold.de\/index.php?rest_route=\/wp\/v2\/posts\/19445\/revisions\/19448"}],"wp:featuredmedia":[{"embeddable":true,"href":"https:\/\/www.sportverband-detmold.de\/index.php?rest_route=\/wp\/v2\/media\/17864"}],"wp:attachment":[{"href":"https:\/\/www.sportverband-detmold.de\/index.php?rest_route=%2Fwp%2Fv2%2Fmedia&parent=19445"}],"wp:term":[{"taxonomy":"category","embeddable":true,"href":"https:\/\/www.sportverband-detmold.de\/index.php?rest_route=%2Fwp%2Fv2%2Fcategories&post=19445"},{"taxonomy":"post_tag","embeddable":true,"href":"https:\/\/www.sportverband-detmold.de\/index.php?rest_route=%2Fwp%2Fv2%2Ftags&post=19445"}],"curies":[{"name":"wp","href":"https:\/\/api.w.org\/{rel}","templated":true}]}}