{"id":18993,"date":"2024-03-25T12:16:41","date_gmt":"2024-03-25T11:16:41","guid":{"rendered":"https:\/\/www.sportverband-detmold.de\/?p=18993"},"modified":"2024-03-25T12:20:06","modified_gmt":"2024-03-25T11:20:06","slug":"erfolgreiche-mitgliederversammlung-des-sportverbandes-detmold","status":"publish","type":"post","link":"https:\/\/www.sportverband-detmold.de\/?p=18993","title":{"rendered":"Erfolgreiche Mitgliederversammlung des Sportverbandes Detmold"},"content":{"rendered":"<p style=\"font-weight: 400;\"><a href=\"https:\/\/www.sportverband-detmold.de\/wp-content\/uploads\/2024\/03\/IMG_3607-scaled.jpeg\"><img loading=\"lazy\" decoding=\"async\" class=\"alignright size-medium wp-image-18997\" src=\"https:\/\/www.sportverband-detmold.de\/wp-content\/uploads\/2024\/03\/IMG_3607-225x300.jpeg\" alt=\"\" width=\"225\" height=\"300\" srcset=\"https:\/\/www.sportverband-detmold.de\/wp-content\/uploads\/2024\/03\/IMG_3607-225x300.jpeg 225w, https:\/\/www.sportverband-detmold.de\/wp-content\/uploads\/2024\/03\/IMG_3607-768x1024.jpeg 768w, https:\/\/www.sportverband-detmold.de\/wp-content\/uploads\/2024\/03\/IMG_3607-1152x1536.jpeg 1152w, https:\/\/www.sportverband-detmold.de\/wp-content\/uploads\/2024\/03\/IMG_3607-1536x2048.jpeg 1536w, https:\/\/www.sportverband-detmold.de\/wp-content\/uploads\/2024\/03\/IMG_3607-scaled.jpeg 1920w\" sizes=\"auto, (max-width: 225px) 100vw, 225px\" \/><\/a>Am 20. M\u00e4rz 2024 fand die j\u00e4hrliche Mitgliederversammlung des Sportverbandes Detmold e.V. in der Aula des DBB Berufskollegs statt. Vorsitzender Carsten Lemm konnte zahlreiche Vertreter der Detmolder Sportvereine, Politiker verschiedener Parteien, B\u00fcrgermeister Frank Hilker, KSB Pr\u00e4sident Friedhelm B\u00f6ger sowie den Handball Nationalspieler und Sports4Kids Paten Lukas Zerbe begr\u00fc\u00dfen.<\/p>\n<p style=\"font-weight: 400;\">Lemm berichtet unter anderem von Sports4Kids Vereinsbesuchen bei verschiedenen Sportvereinen wie dem TBV Lemgo Lippe, der HSG Blomberg, dem SC Paderborn und Arminia Bielefeld. Zudem erfreuten sich Veranstaltungen wie der Hermilauf, der runde Tisch und der Residenzlauf einer sehr guten Resonanz.<\/p>\n<p style=\"font-weight: 400;\">Ein besonderes Highlight der Mitgliederversammlung war die Vorstellung des neuen Projekts &#8222;Vereinshaus-OWL&#8220; durch Frank Hilker und Carsten Lemm. Das Projekt hat zum Ziel, die Sichtbarkeit des Profisports und des Detmolder Sports zu erh\u00f6hen, indem der Marktplatz und die R\u00e4umlichkeiten f\u00fcr verschiedene Aktivit\u00e4ten genutzt werden. Mit Arminia Bielefeld, dem SC Paderborn, dem TBV Lemgo Lippe und der HSG Blomberg Lippe konnten bereits namhafte Partner gewonnen werden. Dieses Projekt ist wahrscheinlich bisher einmalig in Deutschland und wird von vielen mit Interesse verfolgt.<\/p>\n<p style=\"font-weight: 400;\">Ein weiterer H\u00f6hepunkt der Mitgliederversammlung war die Ank\u00fcndigung eines gro\u00dfen inklusiven Familienfestes am 27. April 2024 am Kaiser-Wilhelm-Platz sowie des Familiensamstags unter dem Motto &#8222;Gemeinsam Mobil&#8220; in Detmold. Es sind verschiedene Bewegungsangebote geplant, darunter \u00a0der Hermilauf f\u00fcr Kinder mit und ohne Beeintr\u00e4chtigung.<\/p>\n<p style=\"font-weight: 400;\">Bei den Neuwahlen wurden zahlreiche Vorstandsmitglieder einstimmig wiedergew\u00e4hlt, darunter \u00a0Kassiererin Stefanie J\u00e4ger, stellvertretender Vorsitzender Dirk Mahlitz, Sportabzeichenwart Arnold Bauer, Vorsitzender der Sportjugend Detlef Schr\u00f6der, Referent f\u00fcr \u00d6ffentlichkeitsarbeit und Integrationsbeauftragter Norbert von Dahlen sowie FSJ-Einsatz und stellvertretender Kassenwart Ulrich We\u00df-Wesner.<\/p>\n<p style=\"font-weight: 400;\">Stefanie J\u00e4ger wurde f\u00fcr ihr langj\u00e4hriges ehrenamtliches Engagement mit der silbernen Ehrennadel vom Kreissportbund Lippe ausgezeichnet. Die Urkunde und die silberne Ehrennadel wurden ihr von KSB Pr\u00e4sident Friedhelm B\u00f6ger und Carsten Lemm feierlich \u00fcberreicht.<\/p>\n<p style=\"font-weight: 400;\">Handball Nationalspieler und Sports4Kids Pate Lukas Zerbe berichtete von der Handball EM 2024 und den Qualifikationsspielen zu den Olympischen Spielen. Lebendig gab er tiefe Einblicke rund um die Turniere und den Alltag eines Top-Spielers sowie in seinen Werdegang seit der Jugend in lippischen Sportvereinen.<\/p>\n<p style=\"font-weight: 400;\">Carsten Lemm bedankte sich ausdr\u00fccklich bei Lukas Zerbe f\u00fcr sein tolles Engagement als Sports4Kids Pate und w\u00fcnschte ihm viel Erfolg bei seinem neuen Verein, dem THW Kiel.<\/p>\n\n\t\t<style>\n\t\t\t#gallery-1 {\n\t\t\t\tmargin: auto;\n\t\t\t}\n\t\t\t#gallery-1 .gallery-item {\n\t\t\t\tfloat: left;\n\t\t\t\tmargin-top: 10px;\n\t\t\t\ttext-align: center;\n\t\t\t\twidth: 33%;\n\t\t\t}\n\t\t\t#gallery-1 img {\n\t\t\t\tborder: 2px solid #cfcfcf;\n\t\t\t}\n\t\t\t#gallery-1 .gallery-caption {\n\t\t\t\tmargin-left: 0;\n\t\t\t}\n\t\t\t\/* see gallery_shortcode() in wp-includes\/media.php *\/\n\t\t<\/style>\n\t\t<div id='gallery-1' class='gallery galleryid-18993 gallery-columns-3 gallery-size-thumbnail'><dl class='gallery-item'>\n\t\t\t<dt class='gallery-icon portrait'>\n\t\t\t\t<a href='https:\/\/www.sportverband-detmold.de\/wp-content\/uploads\/2024\/03\/IMG_3629-scaled.jpeg'><img loading=\"lazy\" decoding=\"async\" width=\"150\" height=\"150\" src=\"https:\/\/www.sportverband-detmold.de\/wp-content\/uploads\/2024\/03\/IMG_3629-150x150.jpeg\" class=\"attachment-thumbnail size-thumbnail\" alt=\"\" srcset=\"https:\/\/www.sportverband-detmold.de\/wp-content\/uploads\/2024\/03\/IMG_3629-150x150.jpeg 150w, https:\/\/www.sportverband-detmold.de\/wp-content\/uploads\/2024\/03\/IMG_3629-80x80.jpeg 80w, https:\/\/www.sportverband-detmold.de\/wp-content\/uploads\/2024\/03\/IMG_3629-320x320.jpeg 320w\" sizes=\"auto, (max-width: 150px) 100vw, 150px\" \/><\/a>\n\t\t\t<\/dt><\/dl><dl class='gallery-item'>\n\t\t\t<dt class='gallery-icon portrait'>\n\t\t\t\t<a href='https:\/\/www.sportverband-detmold.de\/wp-content\/uploads\/2024\/03\/IMG_3628-scaled.jpeg'><img loading=\"lazy\" decoding=\"async\" width=\"150\" height=\"150\" src=\"https:\/\/www.sportverband-detmold.de\/wp-content\/uploads\/2024\/03\/IMG_3628-150x150.jpeg\" class=\"attachment-thumbnail size-thumbnail\" alt=\"\" srcset=\"https:\/\/www.sportverband-detmold.de\/wp-content\/uploads\/2024\/03\/IMG_3628-150x150.jpeg 150w, https:\/\/www.sportverband-detmold.de\/wp-content\/uploads\/2024\/03\/IMG_3628-80x80.jpeg 80w, https:\/\/www.sportverband-detmold.de\/wp-content\/uploads\/2024\/03\/IMG_3628-320x320.jpeg 320w\" sizes=\"auto, (max-width: 150px) 100vw, 150px\" \/><\/a>\n\t\t\t<\/dt><\/dl><dl class='gallery-item'>\n\t\t\t<dt class='gallery-icon portrait'>\n\t\t\t\t<a href='https:\/\/www.sportverband-detmold.de\/wp-content\/uploads\/2024\/03\/IMG_3616-scaled.jpeg'><img loading=\"lazy\" decoding=\"async\" width=\"150\" height=\"150\" src=\"https:\/\/www.sportverband-detmold.de\/wp-content\/uploads\/2024\/03\/IMG_3616-150x150.jpeg\" class=\"attachment-thumbnail size-thumbnail\" alt=\"\" srcset=\"https:\/\/www.sportverband-detmold.de\/wp-content\/uploads\/2024\/03\/IMG_3616-150x150.jpeg 150w, https:\/\/www.sportverband-detmold.de\/wp-content\/uploads\/2024\/03\/IMG_3616-80x80.jpeg 80w, https:\/\/www.sportverband-detmold.de\/wp-content\/uploads\/2024\/03\/IMG_3616-320x320.jpeg 320w\" sizes=\"auto, (max-width: 150px) 100vw, 150px\" \/><\/a>\n\t\t\t<\/dt><\/dl><br style=\"clear: both\" \/>\n\t\t<\/div>\n\n","protected":false},"excerpt":{"rendered":"<p>Am 20. M\u00e4rz 2024 fand die j\u00e4hrliche Mitgliederversammlung des Sportverbandes Detmold e.V. in der Aula des DBB Berufskollegs statt. Vorsitzender Carsten Lemm konnte zahlreiche Vertreter der Detmolder Sportvereine, Politiker verschiedener Parteien, B\u00fcrgermeister Frank Hilker,&#46;&#46;&#46;<\/p>\n","protected":false},"author":1,"featured_media":18999,"comment_status":"closed","ping_status":"closed","sticky":false,"template":"","format":"standard","meta":{"footnotes":""},"categories":[1],"tags":[],"class_list":["post-18993","post","type-post","status-publish","format-standard","has-post-thumbnail","hentry","category-allgemein"],"_links":{"self":[{"href":"https:\/\/www.sportverband-detmold.de\/index.php?rest_route=\/wp\/v2\/posts\/18993","targetHints":{"allow":["GET"]}}],"collection":[{"href":"https:\/\/www.sportverband-detmold.de\/index.php?rest_route=\/wp\/v2\/posts"}],"about":[{"href":"https:\/\/www.sportverband-detmold.de\/index.php?rest_route=\/wp\/v2\/types\/post"}],"author":[{"embeddable":true,"href":"https:\/\/www.sportverband-detmold.de\/index.php?rest_route=\/wp\/v2\/users\/1"}],"replies":[{"embeddable":true,"href":"https:\/\/www.sportverband-detmold.de\/index.php?rest_route=%2Fwp%2Fv2%2Fcomments&post=18993"}],"version-history":[{"count":3,"href":"https:\/\/www.sportverband-detmold.de\/index.php?rest_route=\/wp\/v2\/posts\/18993\/revisions"}],"predecessor-version":[{"id":18995,"href":"https:\/\/www.sportverband-detmold.de\/index.php?rest_route=\/wp\/v2\/posts\/18993\/revisions\/18995"}],"wp:featuredmedia":[{"embeddable":true,"href":"https:\/\/www.sportverband-detmold.de\/index.php?rest_route=\/wp\/v2\/media\/18999"}],"wp:attachment":[{"href":"https:\/\/www.sportverband-detmold.de\/index.php?rest_route=%2Fwp%2Fv2%2Fmedia&parent=18993"}],"wp:term":[{"taxonomy":"category","embeddable":true,"href":"https:\/\/www.sportverband-detmold.de\/index.php?rest_route=%2Fwp%2Fv2%2Fcategories&post=18993"},{"taxonomy":"post_tag","embeddable":true,"href":"https:\/\/www.sportverband-detmold.de\/index.php?rest_route=%2Fwp%2Fv2%2Ftags&post=18993"}],"curies":[{"name":"wp","href":"https:\/\/api.w.org\/{rel}","templated":true}]}}