{"id":18532,"date":"2023-12-19T14:42:16","date_gmt":"2023-12-19T13:42:16","guid":{"rendered":"https:\/\/www.sportverband-detmold.de\/?p=18532"},"modified":"2024-09-16T10:36:52","modified_gmt":"2024-09-16T08:36:52","slug":"weihnachtsbrief-sportverband-detmold-e-v","status":"publish","type":"post","link":"https:\/\/www.sportverband-detmold.de\/?p=18532","title":{"rendered":"Weihnachtsbrief Sportverband Detmold e.V."},"content":{"rendered":"<p style=\"font-weight: 400;\"><a href=\"https:\/\/www.sportverband-detmold.de\/wp-content\/uploads\/2015\/12\/advent-227307_640.jpg\"><img loading=\"lazy\" decoding=\"async\" class=\"alignright size-medium wp-image-2662\" src=\"https:\/\/www.sportverband-detmold.de\/wp-content\/uploads\/2015\/12\/advent-227307_640-300x212.jpg\" alt=\"\" width=\"300\" height=\"212\" srcset=\"https:\/\/www.sportverband-detmold.de\/wp-content\/uploads\/2015\/12\/advent-227307_640-300x212.jpg 300w, https:\/\/www.sportverband-detmold.de\/wp-content\/uploads\/2015\/12\/advent-227307_640-70x50.jpg 70w, https:\/\/www.sportverband-detmold.de\/wp-content\/uploads\/2015\/12\/advent-227307_640.jpg 640w\" sizes=\"auto, (max-width: 300px) 100vw, 300px\" \/><\/a>Liebe Sportler*innen,<\/p>\n<p style=\"font-weight: 400;\">liebe Unterst\u00fctzer*innen des Detmolder Sports,<\/p>\n<p style=\"font-weight: 400;\">im Anhang finden Sie den Weihnachtsbrief des Detmolder Sportverbandes, der einen R\u00fcckblick auf die H\u00f6hepunkte des vergangenen Jahres bietet und einen Ausblick auf die vielversprechenden Herausforderungen des kommenden Jahres gibt.<\/p>\n<p style=\"font-weight: 400;\">Diese Woche sind wir f\u00fcr ihre Anliegen noch zu bis einschlie\u00dflich Donnerstag, 21.12.2023 zu erreichen. Vom 22. Dezember 2023 bis zum 07. Januar 2024 sind wir im Urlaub. Ab dem 08. Januar 2024 sind wir wieder f\u00fcr Sie da.<\/p>\n<p style=\"font-weight: 400;\">Bleiben Sie gesund!<\/p>\n<p>&nbsp;<\/p>\n<p><strong><a href=\"https:\/\/www.sportverband-detmold.de\/wp-content\/uploads\/2023\/12\/Weihnachtsbrief.pdf\" target=\"_blank\" rel=\"noopener\"> Zum Weihnachtsbrief (PDF) hier klicken.<\/a><\/strong><\/p>\n<p style=\"font-weight: 400;\"><strong>\u00a0<\/strong><\/p>\n<p style=\"font-weight: 400;\">Mit herzlichen Gr\u00fc\u00dfen<\/p>\n<p style=\"font-weight: 400;\"><strong>Carsten Lemm, Vorsitzender<\/strong><\/p>\n<p style=\"font-weight: 400;\"><strong>Christian Plesser, Gesch\u00e4ftsf\u00fchrer<\/strong><\/p>\n","protected":false},"excerpt":{"rendered":"<p>Liebe Sportler*innen, liebe Unterst\u00fctzer*innen des Detmolder Sports, im Anhang finden Sie den Weihnachtsbrief des Detmolder Sportverbandes, der einen R\u00fcckblick auf die H\u00f6hepunkte des vergangenen Jahres bietet und einen Ausblick auf die vielversprechenden Herausforderungen des&#46;&#46;&#46;<\/p>\n","protected":false},"author":1,"featured_media":2662,"comment_status":"closed","ping_status":"closed","sticky":false,"template":"","format":"standard","meta":{"footnotes":""},"categories":[1],"tags":[],"class_list":["post-18532","post","type-post","status-publish","format-standard","has-post-thumbnail","hentry","category-allgemein"],"_links":{"self":[{"href":"https:\/\/www.sportverband-detmold.de\/index.php?rest_route=\/wp\/v2\/posts\/18532","targetHints":{"allow":["GET"]}}],"collection":[{"href":"https:\/\/www.sportverband-detmold.de\/index.php?rest_route=\/wp\/v2\/posts"}],"about":[{"href":"https:\/\/www.sportverband-detmold.de\/index.php?rest_route=\/wp\/v2\/types\/post"}],"author":[{"embeddable":true,"href":"https:\/\/www.sportverband-detmold.de\/index.php?rest_route=\/wp\/v2\/users\/1"}],"replies":[{"embeddable":true,"href":"https:\/\/www.sportverband-detmold.de\/index.php?rest_route=%2Fwp%2Fv2%2Fcomments&post=18532"}],"version-history":[{"count":2,"href":"https:\/\/www.sportverband-detmold.de\/index.php?rest_route=\/wp\/v2\/posts\/18532\/revisions"}],"predecessor-version":[{"id":19575,"href":"https:\/\/www.sportverband-detmold.de\/index.php?rest_route=\/wp\/v2\/posts\/18532\/revisions\/19575"}],"wp:featuredmedia":[{"embeddable":true,"href":"https:\/\/www.sportverband-detmold.de\/index.php?rest_route=\/wp\/v2\/media\/2662"}],"wp:attachment":[{"href":"https:\/\/www.sportverband-detmold.de\/index.php?rest_route=%2Fwp%2Fv2%2Fmedia&parent=18532"}],"wp:term":[{"taxonomy":"category","embeddable":true,"href":"https:\/\/www.sportverband-detmold.de\/index.php?rest_route=%2Fwp%2Fv2%2Fcategories&post=18532"},{"taxonomy":"post_tag","embeddable":true,"href":"https:\/\/www.sportverband-detmold.de\/index.php?rest_route=%2Fwp%2Fv2%2Ftags&post=18532"}],"curies":[{"name":"wp","href":"https:\/\/api.w.org\/{rel}","templated":true}]}}