{"id":18470,"date":"2023-12-07T11:49:44","date_gmt":"2023-12-07T10:49:44","guid":{"rendered":"https:\/\/www.sportverband-detmold.de\/?p=18470"},"modified":"2023-12-07T11:50:16","modified_gmt":"2023-12-07T10:50:16","slug":"sportverband-detmold-e-v-setzt-wegweisende-massnahmen-zum-schutz-vor-sexualisierter-und-interpersoneller-gewalt-im-sport-um","status":"publish","type":"post","link":"https:\/\/www.sportverband-detmold.de\/?p=18470","title":{"rendered":"Sportverband Detmold e.V. setzt wegweisende Ma\u00dfnahmen zum Schutz vor sexualisierter und interpersoneller Gewalt im Sport um"},"content":{"rendered":"<p style=\"font-weight: 400;\"><a href=\"https:\/\/www.sportverband-detmold.de\/wp-content\/uploads\/2023\/12\/IMG_3131-scaled.jpeg\"><img loading=\"lazy\" decoding=\"async\" class=\"alignright size-medium wp-image-18471\" src=\"https:\/\/www.sportverband-detmold.de\/wp-content\/uploads\/2023\/12\/IMG_3131-225x300.jpeg\" alt=\"\" width=\"225\" height=\"300\" srcset=\"https:\/\/www.sportverband-detmold.de\/wp-content\/uploads\/2023\/12\/IMG_3131-225x300.jpeg 225w, https:\/\/www.sportverband-detmold.de\/wp-content\/uploads\/2023\/12\/IMG_3131-768x1024.jpeg 768w, https:\/\/www.sportverband-detmold.de\/wp-content\/uploads\/2023\/12\/IMG_3131-1152x1536.jpeg 1152w, https:\/\/www.sportverband-detmold.de\/wp-content\/uploads\/2023\/12\/IMG_3131-1536x2048.jpeg 1536w, https:\/\/www.sportverband-detmold.de\/wp-content\/uploads\/2023\/12\/IMG_3131-scaled.jpeg 1920w\" sizes=\"auto, (max-width: 225px) 100vw, 225px\" \/><\/a><\/p>\n<p style=\"font-weight: 400;\">Der Sportverband Detmold e.V. bekennt sich entschlossen zum Schutz seiner Mitglieder vor sexualisierter und interpersoneller Gewalt im Sport. Ein wichtiger Schritt in diese Richtung wurde am 27. November 2023 gesetzt, als Christin G\u00f6rtler zu einer Vereinsberatung im Bereich der Pr\u00e4vention eingeladen wurde.<\/p>\n<p style=\"font-weight: 400;\">Der Vorsitzende des Sportverbandes Detmold e.V., Carsten Lemm, betont die klare Ausrichtung des Vorstands: &#8222;Im Vorstand sind wir uns einig dar\u00fcber, dass das Thema Schutz vor (sexualisierter) Gewalt in unseren Vereinen intensiv bearbeitet werden muss. Daher haben wir einstimmig beschlossen, die Mitgliedschaft im Qualit\u00e4tsb\u00fcndnis anzustreben.&#8220; Dieser Beschluss unterstreicht das Bem\u00fchen des Sportverbandes, h\u00f6chste Standards im Schutz seiner Mitglieder zu etablieren.<\/p>\n<p style=\"font-weight: 400;\">Die Umsetzung dieses wichtigen Beschlusses ist f\u00fcr die Jahreshauptversammlung im Fr\u00fchjahr 2024 geplant. Dort sollen der Beschluss sowie die entsprechende Erg\u00e4nzung der Satzung vorgestellt und angestrebt werden. Carsten Lemm bedankte sich ausdr\u00fccklich bei Christin G\u00f6rtler f\u00fcr den fruchtbaren Austausch und die wertvollen Impulse, die diese Beratung erm\u00f6glicht hat.<\/p>\n<p style=\"font-weight: 400;\">Die Qualifizierung zur Ansprechperson zum Schutz vor sexualisierter und interpersoneller Gewalt im Sport ist f\u00fcr den Sportverband Detmold e.V. von h\u00f6chster Bedeutung. Durch diesen Schritt m\u00f6chte der Verband nicht nur ein sicheres Umfeld f\u00fcr seine Mitglieder schaffen, sondern auch einen aktiven Beitrag zur Pr\u00e4vention von Gewalt im Sport leisten.<\/p>\n","protected":false},"excerpt":{"rendered":"<p>Der Sportverband Detmold e.V. bekennt sich entschlossen zum Schutz seiner Mitglieder vor sexualisierter und interpersoneller Gewalt im Sport. Ein wichtiger Schritt in diese Richtung wurde am 27. November 2023 gesetzt, als Christin G\u00f6rtler zu&#46;&#46;&#46;<\/p>\n","protected":false},"author":1,"featured_media":18471,"comment_status":"closed","ping_status":"closed","sticky":false,"template":"","format":"standard","meta":{"footnotes":""},"categories":[1],"tags":[],"class_list":["post-18470","post","type-post","status-publish","format-standard","has-post-thumbnail","hentry","category-allgemein"],"_links":{"self":[{"href":"https:\/\/www.sportverband-detmold.de\/index.php?rest_route=\/wp\/v2\/posts\/18470","targetHints":{"allow":["GET"]}}],"collection":[{"href":"https:\/\/www.sportverband-detmold.de\/index.php?rest_route=\/wp\/v2\/posts"}],"about":[{"href":"https:\/\/www.sportverband-detmold.de\/index.php?rest_route=\/wp\/v2\/types\/post"}],"author":[{"embeddable":true,"href":"https:\/\/www.sportverband-detmold.de\/index.php?rest_route=\/wp\/v2\/users\/1"}],"replies":[{"embeddable":true,"href":"https:\/\/www.sportverband-detmold.de\/index.php?rest_route=%2Fwp%2Fv2%2Fcomments&post=18470"}],"version-history":[{"count":3,"href":"https:\/\/www.sportverband-detmold.de\/index.php?rest_route=\/wp\/v2\/posts\/18470\/revisions"}],"predecessor-version":[{"id":18473,"href":"https:\/\/www.sportverband-detmold.de\/index.php?rest_route=\/wp\/v2\/posts\/18470\/revisions\/18473"}],"wp:featuredmedia":[{"embeddable":true,"href":"https:\/\/www.sportverband-detmold.de\/index.php?rest_route=\/wp\/v2\/media\/18471"}],"wp:attachment":[{"href":"https:\/\/www.sportverband-detmold.de\/index.php?rest_route=%2Fwp%2Fv2%2Fmedia&parent=18470"}],"wp:term":[{"taxonomy":"category","embeddable":true,"href":"https:\/\/www.sportverband-detmold.de\/index.php?rest_route=%2Fwp%2Fv2%2Fcategories&post=18470"},{"taxonomy":"post_tag","embeddable":true,"href":"https:\/\/www.sportverband-detmold.de\/index.php?rest_route=%2Fwp%2Fv2%2Ftags&post=18470"}],"curies":[{"name":"wp","href":"https:\/\/api.w.org\/{rel}","templated":true}]}}