{"id":18217,"date":"2023-09-05T06:04:19","date_gmt":"2023-09-05T04:04:19","guid":{"rendered":"https:\/\/www.sportverband-detmold.de\/?p=18217"},"modified":"2023-09-05T06:05:03","modified_gmt":"2023-09-05T04:05:03","slug":"kurzbericht-kreismeisterschaften-standen-auf-der-kippe","status":"publish","type":"post","link":"https:\/\/www.sportverband-detmold.de\/?p=18217","title":{"rendered":"Kurzbericht: Kreismeisterschaften standen auf der Kippe"},"content":{"rendered":"<p><a href=\"https:\/\/www.sportverband-detmold.de\/wp-content\/uploads\/2023\/09\/IMG_20230903_153208_1.jpeg\"><img loading=\"lazy\" decoding=\"async\" class=\"alignright size-medium wp-image-18218\" src=\"https:\/\/www.sportverband-detmold.de\/wp-content\/uploads\/2023\/09\/IMG_20230903_153208_1-225x300.jpeg\" alt=\"\" width=\"225\" height=\"300\" srcset=\"https:\/\/www.sportverband-detmold.de\/wp-content\/uploads\/2023\/09\/IMG_20230903_153208_1-225x300.jpeg 225w, https:\/\/www.sportverband-detmold.de\/wp-content\/uploads\/2023\/09\/IMG_20230903_153208_1-768x1024.jpeg 768w, https:\/\/www.sportverband-detmold.de\/wp-content\/uploads\/2023\/09\/IMG_20230903_153208_1.jpeg 960w\" sizes=\"auto, (max-width: 225px) 100vw, 225px\" \/><\/a>Eigentlich war es ein perfekter Tag f\u00fcr die lippischen Einzelmeisterschaften der Leichtathletik im Stadion Lohfeld von Bad Salzuflen: Herrliches Wetter, vom Gastgeber LG Lage-Detmold-Bad Salzuflen hervorragend pr\u00e4parierte Anlagen, gute Beteiligung und Stimmung. Aber die Veranstaltung stand kurz vorher auf der Kippe. Durch etliche Absagen hatten sich die Kampfrichter-Teams auf ein Ma\u00df reduziert, das eine Durchf\u00fchrung fraglich erscheinen lie\u00df.<\/p>\n<p>Ohne ausreichende Kampfrichter kann Leichtathletik eben nicht stattfinden. Wettkampfleiter Klaus Brand versuchte also, viele anwesenden Eltern anzusprechen und zur Mithilfe zu bewegen. Bis kurz vor dem ersten Startschuss von Axel Offel konnte das aber noch abgewendet werden. Der KLA sagt daf\u00fcr herzlichen Dank f\u00fcr das Einspringen und die Unterst\u00fctzung der Kreiskampfrichter.<\/p>\n<p>Anschlie\u00dfend konnte eine von Ulrich Offel perfekt organisierte Meisterschaft stattfinden, mit eher d\u00fcnneren Feldern bei den \u00c4lteren, zum Teil gro\u00dfen Feldern gerade bei den j\u00fcngeren Jahrg\u00e4ngen und einer F\u00fclle von guten Leistungen. Ganz vorn zu nennen sind die 2:01,11 und 2:01,21min \u00fcber die 800m von Kevin Ostermann (M\u00e4) und Emilian Schlieker (U20, beide LG Lage-Detmold-Bad Salzuflen). Oder die 41,29m im Speerwurf W14 von Miranda Wolf, die 37,47m im Diskuswurf M15 von Jannis Brand, die 10,12m im Kugelsto\u00df W14 von Karolina Essing oder die 24,18m im Diskuswurf W12 von Greta Spie\u00df (alle LG Lippe-S\u00fcd). Mit der 4x400m-Staffel verpasste die Stg. Ubbedissen\/Lippe-S\u00fcd (Koch-Koch-Ganster-Harms) mit 4:18,23min die Quali 2:16 f\u00fcr die DM nur knapp. In W11 lief Lena Kathleen Hoppmann (LG Lemgo) 7,80s \u00fcber die 50m und sprang 4,10m weit. Greta Meister (LG Lage-Detmold-Bad Salzuflen) sprang 1,24m hoch in W11 und Emila Kr\u00fcger (LG Lippe-S\u00fcd) 1,20m in W10. Einige Disziplinen waren eindeutig dominiert: Leon Schirpke gewann die 100m M15 in 11,95s, \u201eAltmeister\u201c Phillip Willemsen den Speerwurf der M\u00e4nner mit 47,10m (beide LG Lage-Detmold-Bad Salzuflen), Marie-Theres Bornemeier<br \/>\nden Diskuswurf der Frauen mit 40,90m oder Kr\u00f6ger-P\u00f6hl-Striewe-Kr\u00fcger (alle LG Lippe-S\u00fcd) die 4x75m M13 mit 42,96s.<\/p>\n<p><a href=\"https:\/\/www.sportverband-detmold.de\/wp-content\/uploads\/2023\/09\/IMG_8399.jpeg\"><img loading=\"lazy\" decoding=\"async\" class=\"alignleft size-medium wp-image-18219\" src=\"https:\/\/www.sportverband-detmold.de\/wp-content\/uploads\/2023\/09\/IMG_8399-300x169.jpeg\" alt=\"\" width=\"300\" height=\"169\" srcset=\"https:\/\/www.sportverband-detmold.de\/wp-content\/uploads\/2023\/09\/IMG_8399-300x169.jpeg 300w, https:\/\/www.sportverband-detmold.de\/wp-content\/uploads\/2023\/09\/IMG_8399-1024x576.jpeg 1024w, https:\/\/www.sportverband-detmold.de\/wp-content\/uploads\/2023\/09\/IMG_8399-768x432.jpeg 768w, https:\/\/www.sportverband-detmold.de\/wp-content\/uploads\/2023\/09\/IMG_8399.jpeg 1280w\" sizes=\"auto, (max-width: 300px) 100vw, 300px\" \/><\/a>Aber es gab auch ganz knappe Entscheidungen, vor allem in den j\u00fcngsten Altersklassen: In M11 lag Linus Reinhard (LG Lage-Detmold-Bad Salzuflen) mit 9,98s \u00fcber 50m gerade 2\/11s von Paul Zisopoulus (LG Lippe-S\u00fcd), im Weitsprung M8 hatte Max Pr\u00fcssner mit 3,08m im Weitsprung gerade 1cm Vorsprung vor Robin Bilstein (beide LG Lage-Detmold-Bad Salzuflen), im Weitsprung W8 waren es 3cm, die Malou Beckmann (LG Lage-Detmold-Ba Salzuflen) mit 2,87m von Sonja Dir\u00dfuweit (LG Lemgo) trennten. In wU16 verwies die 4x100m-Staffel der LG Lage-Detmold-Bad Salzuflen (Oest-Schr\u00f6der-Weiser-Wolf) mit 53,83s die LG Lippe-S\u00fcd (Harms-Essing-Born-Krahn) mit 54,23s auf Platz 2.<\/p>\n<p>Alle Leistungen der 26-seitigen Ergebnisliste unter flvw\/Termindatenbank.<\/p>\n<p>Jetzt freuen sich alle auf noch zwei gro\u00dfe Veranstaltungen in dieser Saison: Am 16.9. wird der Kreisvergleichskampf der OWL-Kreise in Bielefeld mit den jeweiligen Kreisauswahlen stattfinden, und am 23.\/24.9. wird das Westfalenfinale der Mannschaften in Kreuztal, wozu sich hoffentlich einige lippische Teams qualifizieren konnten, den Abschluss bilden.<\/p>\n<p>gez. Klaus Brand, VKLA<\/p>\n","protected":false},"excerpt":{"rendered":"<p>Eigentlich war es ein perfekter Tag f\u00fcr die lippischen Einzelmeisterschaften der Leichtathletik im Stadion Lohfeld von Bad Salzuflen: Herrliches Wetter, vom Gastgeber LG Lage-Detmold-Bad Salzuflen hervorragend pr\u00e4parierte Anlagen, gute Beteiligung und Stimmung. Aber die&#46;&#46;&#46;<\/p>\n","protected":false},"author":1,"featured_media":17348,"comment_status":"closed","ping_status":"closed","sticky":false,"template":"","format":"standard","meta":{"footnotes":""},"categories":[1],"tags":[],"class_list":["post-18217","post","type-post","status-publish","format-standard","has-post-thumbnail","hentry","category-allgemein"],"_links":{"self":[{"href":"https:\/\/www.sportverband-detmold.de\/index.php?rest_route=\/wp\/v2\/posts\/18217","targetHints":{"allow":["GET"]}}],"collection":[{"href":"https:\/\/www.sportverband-detmold.de\/index.php?rest_route=\/wp\/v2\/posts"}],"about":[{"href":"https:\/\/www.sportverband-detmold.de\/index.php?rest_route=\/wp\/v2\/types\/post"}],"author":[{"embeddable":true,"href":"https:\/\/www.sportverband-detmold.de\/index.php?rest_route=\/wp\/v2\/users\/1"}],"replies":[{"embeddable":true,"href":"https:\/\/www.sportverband-detmold.de\/index.php?rest_route=%2Fwp%2Fv2%2Fcomments&post=18217"}],"version-history":[{"count":2,"href":"https:\/\/www.sportverband-detmold.de\/index.php?rest_route=\/wp\/v2\/posts\/18217\/revisions"}],"predecessor-version":[{"id":18222,"href":"https:\/\/www.sportverband-detmold.de\/index.php?rest_route=\/wp\/v2\/posts\/18217\/revisions\/18222"}],"wp:featuredmedia":[{"embeddable":true,"href":"https:\/\/www.sportverband-detmold.de\/index.php?rest_route=\/wp\/v2\/media\/17348"}],"wp:attachment":[{"href":"https:\/\/www.sportverband-detmold.de\/index.php?rest_route=%2Fwp%2Fv2%2Fmedia&parent=18217"}],"wp:term":[{"taxonomy":"category","embeddable":true,"href":"https:\/\/www.sportverband-detmold.de\/index.php?rest_route=%2Fwp%2Fv2%2Fcategories&post=18217"},{"taxonomy":"post_tag","embeddable":true,"href":"https:\/\/www.sportverband-detmold.de\/index.php?rest_route=%2Fwp%2Fv2%2Ftags&post=18217"}],"curies":[{"name":"wp","href":"https:\/\/api.w.org\/{rel}","templated":true}]}}