{"id":18169,"date":"2023-08-23T18:32:55","date_gmt":"2023-08-23T16:32:55","guid":{"rendered":"https:\/\/www.sportverband-detmold.de\/?p=18169"},"modified":"2023-08-23T18:32:55","modified_gmt":"2023-08-23T16:32:55","slug":"sommer-meeting-der-lg-lippe-sued-macht-lust-auf-rest-saison","status":"publish","type":"post","link":"https:\/\/www.sportverband-detmold.de\/?p=18169","title":{"rendered":"Sommer-Meeting der LG Lippe-S\u00fcd macht Lust auf Rest-Saison"},"content":{"rendered":"<p><a href=\"https:\/\/www.sportverband-detmold.de\/wp-content\/uploads\/2023\/08\/20230212120941_IMG_0561.jpeg\"><img loading=\"lazy\" decoding=\"async\" class=\"alignright size-medium wp-image-18170\" src=\"https:\/\/www.sportverband-detmold.de\/wp-content\/uploads\/2023\/08\/20230212120941_IMG_0561-300x254.jpeg\" alt=\"\" width=\"300\" height=\"254\" srcset=\"https:\/\/www.sportverband-detmold.de\/wp-content\/uploads\/2023\/08\/20230212120941_IMG_0561-300x254.jpeg 300w, https:\/\/www.sportverband-detmold.de\/wp-content\/uploads\/2023\/08\/20230212120941_IMG_0561-768x649.jpeg 768w, https:\/\/www.sportverband-detmold.de\/wp-content\/uploads\/2023\/08\/20230212120941_IMG_0561.jpeg 880w\" sizes=\"auto, (max-width: 300px) 100vw, 300px\" \/><\/a>Das ganze Vereinsteam des TuS Schlo\u00df Neuhaus scharte sich zu Beginn des Sommer- Meetings der LG Lippe-S\u00fcd um das Mikrofon von Veranstaltungsleiter Klaus Brand und sang zusammen \u201eHappy birthday\u201c f\u00fcr den 16. Geburtstag ihrer Freya Br\u00f6kling. Das war bei herrlichem Wetter der \u00fcberraschende Auftakt f\u00fcr die 19.Auflage der Traditionsveranstaltung zur Vorbereitung auf den \u201eRest der Saison\u201c, die mit 196 Teilnehmern aus 25 Vereinen sehr gut besucht war. Es ist auch ein Zeichen daf\u00fcr, wieviel Spa\u00df die Teilnehmer bei ersten Wettkampf nach den Sommerferien hatten.<\/p>\n<p>Nat\u00fcrlich ragten auch die Leistungen der vielen ausw\u00e4rtigen Athleten heraus, die zum Teil von weit her gekommen waren: \u00dcber die 100m lief Pierre Bilo (TuS Dierdorf) bei den M\u00e4nnern 10,85s, Isabel Mayer (TV Wattenscheid) 11,81s bei den Frauen oder Samuel Franke-G\u00f6hausen (SV Brackwede) 22,99s in U18 \u00fcber die 200m. Sarina Brockmann (LG B\u00fcnde-L\u00f6hne sprang bei den Frauen 6,02m, Jonas Burgmann (Fichte Bielefeld) warf den Diskus 44,51m weit, Simon B\u00fcthe (LC Paderborn) den Speer sogar 58,22m. Doch die heimischen Athleten standen dem in nichts nach und lieferten eine ganze Reihe von hervorragenden Leistungen ab: Till Morawietz Sprung in die Weitsprunggrube endete erst bei 6,87m, Michel B\u00f6gers H\u00f6henflug \u00fcber die Stabhochsprunglatte erst bei 4,50m &#8211; beide U20 &#8211; und der Speer in W14 von Miranda Wolf erst bei 41,28m &#8211; das ist die drittbeste Weite in Deutschland in diesem Jahr, die Beste ist immer noch die von ihr selbst mit 41,67m. Marie-Theres Bornemeier warf den Frauen-Diskus auf 40,72m und platzierte sich damit vor der neuen deutschen Meisterin W35, Sandra Albrecht, mit 36,80m, und Karoline Essing (alle LG Lippe-S\u00fcd) stie\u00df die Kugeln W14 auf 9,59m.<\/p>\n<p>Von der LG Lage-Detmold-Bad Salzuflen ragten in M15 Leon Schirpke in M15 heraus, der die 100m in 12,05s herunter spulte, sowie Karl-Luis Eickmeier, der f\u00fcr die 300m 40,69s<br \/>\nbrauchte. Bruder Paul-Theo sprintete in M13 die 75m in 10,63s, und Lotta Rothe sprang in W14 1,44m hoch. Vom Stabhochsprungverein Horn-Bad Meinberg schwangen sich Annika Klippenstein \u00fcber 2,50m und Jana Biedermeier in W14 \u00fcber 2,70m. In der LG Lemgo scheint ein neues Talent heran zu wachsen: Lena Hoppmann dominierte \u00fcber die 50m W11 in 7,67s und sprang 4,30m weit. Und die J\u00fcngsten lie\u00dfen sich von der positiven Atmosph\u00e4re anstecken: Jonas Wolf (LG Lippe-S\u00fcd) sprang in M9 3,52m weit, Lia Fischer (Ubbedissen)<br \/>\nin W9 3,43m. Greta Spie\u00df stie\u00df die W12-Kugel auf 7,67m, und Wolf Kr\u00f6ger (beide LG Lippe-S\u00fcd) warf den Speer auf 25,81m, womit beide ihre vorderen Pl\u00e4tze in Westfalen<br \/>\nfestigten.<\/p>\n<p>Ein gro\u00dfes Dankesch\u00f6n m\u00f6chte Vorsitzender Guido Mertensi den 35 Kampfrichtern sagen, die bei sengender Sonne ihren Dienst mit Kompetenz und Engagement verrichteten, dem Wettkampfb\u00fcro von Jens, Arne und Tanja Brand, die trotz Druckerproblemen die Organisation sicher stellten, sowie der von Iris Mertens und Inga Brand gef\u00fchrten Cafeteria, die f\u00fcr das leibliche Wohl aller gesorgt hatten.<\/p>\n<p>Die komplette Ergebnisliste unter www.flvw.de\/Termindatenbank<\/p>\n","protected":false},"excerpt":{"rendered":"<p>Das ganze Vereinsteam des TuS Schlo\u00df Neuhaus scharte sich zu Beginn des Sommer- Meetings der LG Lippe-S\u00fcd um das Mikrofon von Veranstaltungsleiter Klaus Brand und sang zusammen \u201eHappy birthday\u201c f\u00fcr den 16. Geburtstag ihrer&#46;&#46;&#46;<\/p>\n","protected":false},"author":1,"featured_media":18170,"comment_status":"closed","ping_status":"closed","sticky":false,"template":"","format":"standard","meta":{"footnotes":""},"categories":[1],"tags":[],"class_list":["post-18169","post","type-post","status-publish","format-standard","has-post-thumbnail","hentry","category-allgemein"],"_links":{"self":[{"href":"https:\/\/www.sportverband-detmold.de\/index.php?rest_route=\/wp\/v2\/posts\/18169","targetHints":{"allow":["GET"]}}],"collection":[{"href":"https:\/\/www.sportverband-detmold.de\/index.php?rest_route=\/wp\/v2\/posts"}],"about":[{"href":"https:\/\/www.sportverband-detmold.de\/index.php?rest_route=\/wp\/v2\/types\/post"}],"author":[{"embeddable":true,"href":"https:\/\/www.sportverband-detmold.de\/index.php?rest_route=\/wp\/v2\/users\/1"}],"replies":[{"embeddable":true,"href":"https:\/\/www.sportverband-detmold.de\/index.php?rest_route=%2Fwp%2Fv2%2Fcomments&post=18169"}],"version-history":[{"count":2,"href":"https:\/\/www.sportverband-detmold.de\/index.php?rest_route=\/wp\/v2\/posts\/18169\/revisions"}],"predecessor-version":[{"id":18172,"href":"https:\/\/www.sportverband-detmold.de\/index.php?rest_route=\/wp\/v2\/posts\/18169\/revisions\/18172"}],"wp:featuredmedia":[{"embeddable":true,"href":"https:\/\/www.sportverband-detmold.de\/index.php?rest_route=\/wp\/v2\/media\/18170"}],"wp:attachment":[{"href":"https:\/\/www.sportverband-detmold.de\/index.php?rest_route=%2Fwp%2Fv2%2Fmedia&parent=18169"}],"wp:term":[{"taxonomy":"category","embeddable":true,"href":"https:\/\/www.sportverband-detmold.de\/index.php?rest_route=%2Fwp%2Fv2%2Fcategories&post=18169"},{"taxonomy":"post_tag","embeddable":true,"href":"https:\/\/www.sportverband-detmold.de\/index.php?rest_route=%2Fwp%2Fv2%2Ftags&post=18169"}],"curies":[{"name":"wp","href":"https:\/\/api.w.org\/{rel}","templated":true}]}}