{"id":18024,"date":"2023-06-14T06:26:56","date_gmt":"2023-06-14T04:26:56","guid":{"rendered":"https:\/\/www.sportverband-detmold.de\/?p=18024"},"modified":"2023-06-14T06:26:56","modified_gmt":"2023-06-14T04:26:56","slug":"flvw-i-und-ii-am-10-6-11-6-2023-in-lage-begeisterten","status":"publish","type":"post","link":"https:\/\/www.sportverband-detmold.de\/?p=18024","title":{"rendered":"FLVW I und II am 10.6.\/11.6.2023 in Lage begeisterten"},"content":{"rendered":"<p><img loading=\"lazy\" decoding=\"async\" class=\"alignright size-medium wp-image-18025\" src=\"https:\/\/www.sportverband-detmold.de\/wp-content\/uploads\/2023\/06\/d4813174-2250-43c9-8e55-74320ede9330-2-300x225.jpeg\" alt=\"\" width=\"300\" height=\"225\" srcset=\"https:\/\/www.sportverband-detmold.de\/wp-content\/uploads\/2023\/06\/d4813174-2250-43c9-8e55-74320ede9330-2-300x225.jpeg 300w, https:\/\/www.sportverband-detmold.de\/wp-content\/uploads\/2023\/06\/d4813174-2250-43c9-8e55-74320ede9330-2-1024x768.jpeg 1024w, https:\/\/www.sportverband-detmold.de\/wp-content\/uploads\/2023\/06\/d4813174-2250-43c9-8e55-74320ede9330-2-768x576.jpeg 768w, https:\/\/www.sportverband-detmold.de\/wp-content\/uploads\/2023\/06\/d4813174-2250-43c9-8e55-74320ede9330-2.jpeg 1280w\" sizes=\"auto, (max-width: 300px) 100vw, 300px\" \/>Die FLVW-Meisterschaften I und II im Carl-Heinz-Reiche-Stadion in Lage gaben einen Eindruck davon, dass in der Leichtathletik das \u201eAufholen nach Corona\u201c begonnen hat, wie LA-Verbands-Chef Bernhard Bussmann erfreut feststellen konnte. Der \u00f6rtliche Ausrichter, die LG Lage-Detmold-Bad Salzuflen unter Sven Obenhaus hatte sich m\u00e4chtig ins Zeug gelegt, um den insgesamt 1000 Teilnehmern an den beiden Wettkampftagen hervorragende Bedingungen zu pr\u00e4sentieren, in denen die 70 Kampfrichter an den Wettkampfst\u00e4tten unter sengender Sonne einen tollen Job machten. Und die lippischen Athleten freuten sich, endlich mal einen Wettkampf vor der Haust\u00fcr zu haben und hinterher \u00fcber 2x Gold, 2xSilber und weiteren 15 Platzierungen unter den besten Acht.<\/p>\n<p>Besonders zu erw\u00e4hnen ist die gerade erst 14 Jahre alt gewordene Miranda Wolf aus der LG Lippe-S\u00fcd. Sie schleuderte den Speer auf die Siegesweite von 41,16m, womit sie fast 11m Vorsprung (!!) auf Luna Duwenbeck (LG Olympia Dortmund) hatte. Das bedeutet nicht nur einen neuen lippischen Rekord, sondern aktuell Platz 1 der deutschen Jahresbestenliste vor Svea Funck (TV Jahn Walsrode) mit 40,37m. Au\u00dferdem wurde sie noch f\u00fcnfte und Sechste im Kugelsto\u00df und Diskuswurf. Das zweite Gold ging an Till Morawietz (LG Lippe-S\u00fcd), aber nicht, wie erwartet, im Sprint oder im Weitsprung, sondern im Diskuswurf U20 mit 41,16m. Das ist sogar die exakt selbe Weite wie Miranda im Speerwurf. Au\u00dferdem holte er sich noch Bronze im Kugelsto\u00df mit 12,43m.<\/p>\n<p>Gastgeber LG Lage-Detmold-Bad Salzuflen konnte sich zweimal Silber sichern: Karl-Luis Eickmeier steigerte sich in M15 auf hervorragende 2:06,15min \u00fcber die 800m, und Kevin Ostermann lief dazu 23,72s \u00fcber die 200m der M\u00e4nner.<\/p>\n<p>Bronze gab es reichlich f\u00fcr die Lipper: Jannis Brand (LG Lippe-S\u00fcd) wurde gleich zweimal mit tollen W\u00fcrfen Dritter, und zwar im Diskuswurf M15 mit 35,51m und im Kugelsto\u00df mit 12,60m &#8211; der Sieger war nur 15cm weiter. Joel Hinze (LG Lippe-S\u00fcd) sprang mit Schmerzen im Fu\u00df 6,30m im Weitsprung der M\u00e4nner vor Vereinskamerad Manuel David mit 6,19m. In U18 wurde Josefine Harms mit 5,21m Vierte. Silvia Wagenbach brauchte f\u00fcr die 800m U18 nur 2:30,81min, Tatjana Quest-Altrogge (beide LG Lage-Detmold-Bad Salzuflen) f\u00fcr die 800m der Frauen 2:39,43min, und die \u00fcberhaupt erstmals gelaufene Mix-Staffel M\u00e4nner und Frauen \u00fcber 4x200m sah die Gastgeber in 1:46,93min auf Platz 3<\/p>\n<p>Starke Leistungen hatte die LG Lage-Detmold-Bad Salzuflen noch auf den Laufstrecken aufzuweisen, denn Leon Schirpke kam \u00fcber 100m M15 mit 11,91s erstmals unter die 12-Sekunden-Marke auf Platz 4, und Emilian Schlieker verpasste die angestrebte 2-Minuten-Marke \u00fcber 800m U18 mit 2:01,24min und Platz 4 ebenso wie Kevin Ostermann \u00fcber 800m der M\u00e4nner mit 2:02,06min.<\/p>\n<p>Die LG Lemgo freute sich \u00fcber zwei sechste Pl\u00e4tze f\u00fcr Antonia G\u00f6tzel \u00fcber 200m der Frauen in 26,92s und \u00fcber die 4x100m-Staffel der Frauen in 55,77s.<\/p>\n<p>Alle Ergebnisse unter www.flvw\/Termindatenbank<\/p>\n<p>gez. Klaus Brand<\/p>\n\n\t\t<style>\n\t\t\t#gallery-1 {\n\t\t\t\tmargin: auto;\n\t\t\t}\n\t\t\t#gallery-1 .gallery-item {\n\t\t\t\tfloat: left;\n\t\t\t\tmargin-top: 10px;\n\t\t\t\ttext-align: center;\n\t\t\t\twidth: 33%;\n\t\t\t}\n\t\t\t#gallery-1 img {\n\t\t\t\tborder: 2px solid #cfcfcf;\n\t\t\t}\n\t\t\t#gallery-1 .gallery-caption {\n\t\t\t\tmargin-left: 0;\n\t\t\t}\n\t\t\t\/* see gallery_shortcode() in wp-includes\/media.php *\/\n\t\t<\/style>\n\t\t<div id='gallery-1' class='gallery galleryid-18024 gallery-columns-3 gallery-size-thumbnail'><dl class='gallery-item'>\n\t\t\t<dt class='gallery-icon landscape'>\n\t\t\t\t<a href='https:\/\/www.sportverband-detmold.de\/wp-content\/uploads\/2023\/06\/IMG_8298-2.jpeg'><img loading=\"lazy\" decoding=\"async\" width=\"150\" height=\"150\" src=\"https:\/\/www.sportverband-detmold.de\/wp-content\/uploads\/2023\/06\/IMG_8298-2-150x150.jpeg\" class=\"attachment-thumbnail size-thumbnail\" alt=\"\" srcset=\"https:\/\/www.sportverband-detmold.de\/wp-content\/uploads\/2023\/06\/IMG_8298-2-150x150.jpeg 150w, https:\/\/www.sportverband-detmold.de\/wp-content\/uploads\/2023\/06\/IMG_8298-2-80x80.jpeg 80w, https:\/\/www.sportverband-detmold.de\/wp-content\/uploads\/2023\/06\/IMG_8298-2-320x320.jpeg 320w\" sizes=\"auto, (max-width: 150px) 100vw, 150px\" \/><\/a>\n\t\t\t<\/dt><\/dl><dl class='gallery-item'>\n\t\t\t<dt class='gallery-icon portrait'>\n\t\t\t\t<a href='https:\/\/www.sportverband-detmold.de\/wp-content\/uploads\/2023\/06\/IMG_20230610_141124.jpeg'><img loading=\"lazy\" decoding=\"async\" width=\"150\" height=\"150\" src=\"https:\/\/www.sportverband-detmold.de\/wp-content\/uploads\/2023\/06\/IMG_20230610_141124-150x150.jpeg\" class=\"attachment-thumbnail size-thumbnail\" alt=\"\" srcset=\"https:\/\/www.sportverband-detmold.de\/wp-content\/uploads\/2023\/06\/IMG_20230610_141124-150x150.jpeg 150w, https:\/\/www.sportverband-detmold.de\/wp-content\/uploads\/2023\/06\/IMG_20230610_141124-80x80.jpeg 80w, https:\/\/www.sportverband-detmold.de\/wp-content\/uploads\/2023\/06\/IMG_20230610_141124-320x320.jpeg 320w\" sizes=\"auto, (max-width: 150px) 100vw, 150px\" \/><\/a>\n\t\t\t<\/dt><\/dl><dl class='gallery-item'>\n\t\t\t<dt class='gallery-icon portrait'>\n\t\t\t\t<a href='https:\/\/www.sportverband-detmold.de\/wp-content\/uploads\/2023\/06\/IMG_9047-2.jpeg'><img loading=\"lazy\" decoding=\"async\" width=\"150\" height=\"150\" src=\"https:\/\/www.sportverband-detmold.de\/wp-content\/uploads\/2023\/06\/IMG_9047-2-150x150.jpeg\" class=\"attachment-thumbnail size-thumbnail\" alt=\"\" srcset=\"https:\/\/www.sportverband-detmold.de\/wp-content\/uploads\/2023\/06\/IMG_9047-2-150x150.jpeg 150w, https:\/\/www.sportverband-detmold.de\/wp-content\/uploads\/2023\/06\/IMG_9047-2-80x80.jpeg 80w, https:\/\/www.sportverband-detmold.de\/wp-content\/uploads\/2023\/06\/IMG_9047-2-320x320.jpeg 320w\" sizes=\"auto, (max-width: 150px) 100vw, 150px\" \/><\/a>\n\t\t\t<\/dt><\/dl><br style=\"clear: both\" \/>\n\t\t<\/div>\n\n","protected":false},"excerpt":{"rendered":"<p>Die FLVW-Meisterschaften I und II im Carl-Heinz-Reiche-Stadion in Lage gaben einen Eindruck davon, dass in der Leichtathletik das \u201eAufholen nach Corona\u201c begonnen hat, wie LA-Verbands-Chef Bernhard Bussmann erfreut feststellen konnte. Der \u00f6rtliche Ausrichter, die&#46;&#46;&#46;<\/p>\n","protected":false},"author":1,"featured_media":18025,"comment_status":"closed","ping_status":"closed","sticky":false,"template":"","format":"standard","meta":{"footnotes":""},"categories":[1],"tags":[],"class_list":["post-18024","post","type-post","status-publish","format-standard","has-post-thumbnail","hentry","category-allgemein"],"_links":{"self":[{"href":"https:\/\/www.sportverband-detmold.de\/index.php?rest_route=\/wp\/v2\/posts\/18024","targetHints":{"allow":["GET"]}}],"collection":[{"href":"https:\/\/www.sportverband-detmold.de\/index.php?rest_route=\/wp\/v2\/posts"}],"about":[{"href":"https:\/\/www.sportverband-detmold.de\/index.php?rest_route=\/wp\/v2\/types\/post"}],"author":[{"embeddable":true,"href":"https:\/\/www.sportverband-detmold.de\/index.php?rest_route=\/wp\/v2\/users\/1"}],"replies":[{"embeddable":true,"href":"https:\/\/www.sportverband-detmold.de\/index.php?rest_route=%2Fwp%2Fv2%2Fcomments&post=18024"}],"version-history":[{"count":2,"href":"https:\/\/www.sportverband-detmold.de\/index.php?rest_route=\/wp\/v2\/posts\/18024\/revisions"}],"predecessor-version":[{"id":18030,"href":"https:\/\/www.sportverband-detmold.de\/index.php?rest_route=\/wp\/v2\/posts\/18024\/revisions\/18030"}],"wp:featuredmedia":[{"embeddable":true,"href":"https:\/\/www.sportverband-detmold.de\/index.php?rest_route=\/wp\/v2\/media\/18025"}],"wp:attachment":[{"href":"https:\/\/www.sportverband-detmold.de\/index.php?rest_route=%2Fwp%2Fv2%2Fmedia&parent=18024"}],"wp:term":[{"taxonomy":"category","embeddable":true,"href":"https:\/\/www.sportverband-detmold.de\/index.php?rest_route=%2Fwp%2Fv2%2Fcategories&post=18024"},{"taxonomy":"post_tag","embeddable":true,"href":"https:\/\/www.sportverband-detmold.de\/index.php?rest_route=%2Fwp%2Fv2%2Ftags&post=18024"}],"curies":[{"name":"wp","href":"https:\/\/api.w.org\/{rel}","templated":true}]}}