{"id":17844,"date":"2023-03-28T07:25:59","date_gmt":"2023-03-28T05:25:59","guid":{"rendered":"https:\/\/www.sportverband-detmold.de\/?p=17844"},"modified":"2023-03-28T07:25:59","modified_gmt":"2023-03-28T05:25:59","slug":"neun-nachwuchsschulungen-in-ostwestfalen-lippe-kamen-super-an","status":"publish","type":"post","link":"https:\/\/www.sportverband-detmold.de\/?p=17844","title":{"rendered":"Neun Nachwuchsschulungen in Ostwestfalen-Lippe kamen super an"},"content":{"rendered":"<div id=\"attachment_17845\" style=\"width: 310px\" class=\"wp-caption alignright\"><a href=\"https:\/\/www.sportverband-detmold.de\/wp-content\/uploads\/2023\/03\/IMG_7973-2.jpeg\"><img loading=\"lazy\" decoding=\"async\" aria-describedby=\"caption-attachment-17845\" class=\"size-medium wp-image-17845\" src=\"https:\/\/www.sportverband-detmold.de\/wp-content\/uploads\/2023\/03\/IMG_7973-2-300x169.jpeg\" alt=\"\" width=\"300\" height=\"169\" srcset=\"https:\/\/www.sportverband-detmold.de\/wp-content\/uploads\/2023\/03\/IMG_7973-2-300x169.jpeg 300w, https:\/\/www.sportverband-detmold.de\/wp-content\/uploads\/2023\/03\/IMG_7973-2-1024x576.jpeg 1024w, https:\/\/www.sportverband-detmold.de\/wp-content\/uploads\/2023\/03\/IMG_7973-2-768x432.jpeg 768w, https:\/\/www.sportverband-detmold.de\/wp-content\/uploads\/2023\/03\/IMG_7973-2.jpeg 1280w\" sizes=\"auto, (max-width: 300px) 100vw, 300px\" \/><\/a><p id=\"caption-attachment-17845\" class=\"wp-caption-text\">Das Gruppenfoto &#8211; als freuen sich auf die erste Disziplin<\/p><\/div>\n<p>Ein bemerkenswertes Leichtathletik-Projekt \u00fcber das ganze Winterhalbjahr 2022\/23 ist\u00a0soeben abgeschlossen worden: W\u00e4hrend man \u00fcberall im Lande nachlassende Bedeutung\u00a0von sportlicher Bewegung und auch der Leistungen in der Leichtathletik beklagt und sich\u00a0auf Programme wie \u201eAufholen nach Corona\u201c verl\u00e4sst, belie\u00df man es in Ostwestfalen-Lippe\u00a0nicht dabei. Man wollte die F\u00f6rderung des Nachwuchses intensivieren und fand dazu einen\u00a0ungew\u00f6hnlichen Weg mit \u201eTeamwork\u201c. Sogar die bekannte Zeitschrift \u201eLeichtathletik-Training\u201c, die \u00fcberall in Deutschland erscheint, fand das Projekt so interessant, dass sie es\u00a0auf mehreren Seiten in der Februar-Ausgabe 2023 dargestellt hat.<\/p>\n<p>Initiator Klaus Brand aus Lippe-Detmold beschreibt das so und gibt ein abschlie\u00dfendes\u00a0Res\u00fcmee: \u201eWir in OWL sind nun mal ein eher l\u00e4ndlich strukturiertes Gebiet am Rande des\u00a0Verbandsgebietes mit gro\u00dfen Entfernungen, eingeschr\u00e4nkten Verkehrsverbindungen und\u00a0vielen kleinen Vereinen mit nicht immer ausreichenden Trainingsbedingungen. Unser\u00a0Ansatz zielte dahin, trotz dieser eher ung\u00fcnstigen Bedingungen ein Angebot zu machen,\u00a0um zus\u00e4tzlich zum Vereinstraining mit qualifizierten Trainern aus OWL in regelm\u00e4\u00dfigen\u00a0Abst\u00e4nden Impulse zu geben. Dies sollte in wechselnden Hallen geschehen, um allen den\u00a0Zugang zu erleichtern und die Fahrten mal kurz, mal l\u00e4nger gestalten zu k\u00f6nnen. Nicht\u00a0Kadernormen sollten das Mitmachen erm\u00f6glichen, sondern der Bedarf in den Vereinen,\u00a0denn dies ist die erste Grundlage jeder Leistungsentwicklung. Von dem Konzept konnten\u00a0nicht nur alle VKLAs \u00fcberzeugt werden &#8211; einstimmig -, sondern auch die Kreisvorst\u00e4nde\u00a0aller neun FLVW-Kreise in Ostwestfalen-Lippe. Wir haben sehr gute Trainer vor Ort &#8211; bisher\u00a0waren insgesamt 14 beteiligt -, mit denen wir zweimal im Monat f\u00fcr alle, die mitmachen\u00a0wollten, ein Angebot gemacht haben: Sprint, H\u00fcrdenlauf, Weitsprung, Hochsprung,\u00a0Stabhochsprung, Kugelsto\u00df, Diskus- und Speerwurf sowie Mittelstreckenlauf.\u00a0Jetzt haben wir in diesem Winterhalbjahr neun Schulungen plus zweimal Betreuung im\u00a0Wettkampf durchgef\u00fchrt, und das Resultat hat uns best\u00e4tigt, dass wir einen Bedarf\u00a0getroffen haben.<\/p>\n<p>Trotz Krankheitswellen, vereinsinternen Ma\u00dfnahmen o.\u00e4. hatten wir im\u00a0Durchschnitt 54,3 Teilnehmer aus insgesamt 25 Vereinen bei den Schulungen, die alle mit\u00a0viel Engagement bei der Sache waren. Die Wertsch\u00e4tzung daf\u00fcr macht uns schon stolz!\u201c\u00a0Beim letzten Schulungstag dieses Winters in Paderborn stellten sich in den Dienst der\u00a0Sache Enrico Kr\u00fcger (H\u00fcrden), Michael Striewe (Kugel), Alexander Sczyrba (Stabhoch),\u00a0Guido Mertens (Hoch) und Klaus Brand (Weit und Sprint). Auch denen, die heute nicht\u00a0dabei sein konnten, wie Steffen Biermann, Tapio Linnem\u00f6ller, Andre Meyer und weiteren\u00a0Trainern, die immer wieder eingesprungen sind, sei hiermit herzlich im Namen des\u00a0Leichtathletik-Nachwuchses von Ostwestfalen-Lippe gedankt!<\/p>\n<p>Klaus Brand (Projektleiter), im Namen des ganzen Trainerteams<\/p>\n\n\t\t<style>\n\t\t\t#gallery-1 {\n\t\t\t\tmargin: auto;\n\t\t\t}\n\t\t\t#gallery-1 .gallery-item {\n\t\t\t\tfloat: left;\n\t\t\t\tmargin-top: 10px;\n\t\t\t\ttext-align: center;\n\t\t\t\twidth: 33%;\n\t\t\t}\n\t\t\t#gallery-1 img {\n\t\t\t\tborder: 2px solid #cfcfcf;\n\t\t\t}\n\t\t\t#gallery-1 .gallery-caption {\n\t\t\t\tmargin-left: 0;\n\t\t\t}\n\t\t\t\/* see gallery_shortcode() in wp-includes\/media.php *\/\n\t\t<\/style>\n\t\t<div id='gallery-1' class='gallery galleryid-17844 gallery-columns-3 gallery-size-thumbnail'><dl class='gallery-item'>\n\t\t\t<dt class='gallery-icon landscape'>\n\t\t\t\t<a href='https:\/\/www.sportverband-detmold.de\/wp-content\/uploads\/2023\/03\/IMG_7987.jpeg'><img loading=\"lazy\" decoding=\"async\" width=\"150\" height=\"150\" src=\"https:\/\/www.sportverband-detmold.de\/wp-content\/uploads\/2023\/03\/IMG_7987-150x150.jpeg\" class=\"attachment-thumbnail size-thumbnail\" alt=\"\" aria-describedby=\"gallery-1-17850\" srcset=\"https:\/\/www.sportverband-detmold.de\/wp-content\/uploads\/2023\/03\/IMG_7987-150x150.jpeg 150w, https:\/\/www.sportverband-detmold.de\/wp-content\/uploads\/2023\/03\/IMG_7987-80x80.jpeg 80w, https:\/\/www.sportverband-detmold.de\/wp-content\/uploads\/2023\/03\/IMG_7987-320x320.jpeg 320w\" sizes=\"auto, (max-width: 150px) 100vw, 150px\" \/><\/a>\n\t\t\t<\/dt>\n\t\t\t\t<dd class='wp-caption-text gallery-caption' id='gallery-1-17850'>\n\t\t\t\tEnrico Kr\u00fcger wendet DDR-Erfahrungen im H\u00fcrdenlauf an\n\t\t\t\t<\/dd><\/dl><dl class='gallery-item'>\n\t\t\t<dt class='gallery-icon landscape'>\n\t\t\t\t<a href='https:\/\/www.sportverband-detmold.de\/wp-content\/uploads\/2023\/03\/IMG_7982.jpeg'><img loading=\"lazy\" decoding=\"async\" width=\"150\" height=\"150\" src=\"https:\/\/www.sportverband-detmold.de\/wp-content\/uploads\/2023\/03\/IMG_7982-150x150.jpeg\" class=\"attachment-thumbnail size-thumbnail\" alt=\"\" aria-describedby=\"gallery-1-17849\" srcset=\"https:\/\/www.sportverband-detmold.de\/wp-content\/uploads\/2023\/03\/IMG_7982-150x150.jpeg 150w, https:\/\/www.sportverband-detmold.de\/wp-content\/uploads\/2023\/03\/IMG_7982-80x80.jpeg 80w, https:\/\/www.sportverband-detmold.de\/wp-content\/uploads\/2023\/03\/IMG_7982-320x320.jpeg 320w\" sizes=\"auto, (max-width: 150px) 100vw, 150px\" \/><\/a>\n\t\t\t<\/dt>\n\t\t\t\t<dd class='wp-caption-text gallery-caption' id='gallery-1-17849'>\n\t\t\t\tMichael Striewe macht Kugelsto\u00df-Details deutlich\n\t\t\t\t<\/dd><\/dl><dl class='gallery-item'>\n\t\t\t<dt class='gallery-icon landscape'>\n\t\t\t\t<a href='https:\/\/www.sportverband-detmold.de\/wp-content\/uploads\/2023\/03\/IMG_7980-2.jpeg'><img loading=\"lazy\" decoding=\"async\" width=\"150\" height=\"150\" src=\"https:\/\/www.sportverband-detmold.de\/wp-content\/uploads\/2023\/03\/IMG_7980-2-150x150.jpeg\" class=\"attachment-thumbnail size-thumbnail\" alt=\"\" aria-describedby=\"gallery-1-17848\" srcset=\"https:\/\/www.sportverband-detmold.de\/wp-content\/uploads\/2023\/03\/IMG_7980-2-150x150.jpeg 150w, https:\/\/www.sportverband-detmold.de\/wp-content\/uploads\/2023\/03\/IMG_7980-2-80x80.jpeg 80w, https:\/\/www.sportverband-detmold.de\/wp-content\/uploads\/2023\/03\/IMG_7980-2-320x320.jpeg 320w\" sizes=\"auto, (max-width: 150px) 100vw, 150px\" \/><\/a>\n\t\t\t<\/dt>\n\t\t\t\t<dd class='wp-caption-text gallery-caption' id='gallery-1-17848'>\n\t\t\t\tDie Weitspringer proben den Absprung\n\t\t\t\t<\/dd><\/dl><br style=\"clear: both\" \/><dl class='gallery-item'>\n\t\t\t<dt class='gallery-icon landscape'>\n\t\t\t\t<a href='https:\/\/www.sportverband-detmold.de\/wp-content\/uploads\/2023\/03\/IMG_7977.jpeg'><img loading=\"lazy\" decoding=\"async\" width=\"150\" height=\"150\" src=\"https:\/\/www.sportverband-detmold.de\/wp-content\/uploads\/2023\/03\/IMG_7977-150x150.jpeg\" class=\"attachment-thumbnail size-thumbnail\" alt=\"\" aria-describedby=\"gallery-1-17847\" srcset=\"https:\/\/www.sportverband-detmold.de\/wp-content\/uploads\/2023\/03\/IMG_7977-150x150.jpeg 150w, https:\/\/www.sportverband-detmold.de\/wp-content\/uploads\/2023\/03\/IMG_7977-80x80.jpeg 80w, https:\/\/www.sportverband-detmold.de\/wp-content\/uploads\/2023\/03\/IMG_7977-320x320.jpeg 320w\" sizes=\"auto, (max-width: 150px) 100vw, 150px\" \/><\/a>\n\t\t\t<\/dt>\n\t\t\t\t<dd class='wp-caption-text gallery-caption' id='gallery-1-17847'>\n\t\t\t\tAlexander Sczyrba zeigt, wie man mit dem Stab fliegen kann\n\t\t\t\t<\/dd><\/dl><dl class='gallery-item'>\n\t\t\t<dt class='gallery-icon landscape'>\n\t\t\t\t<a href='https:\/\/www.sportverband-detmold.de\/wp-content\/uploads\/2023\/03\/IMG_7976-2.jpeg'><img loading=\"lazy\" decoding=\"async\" width=\"150\" height=\"150\" src=\"https:\/\/www.sportverband-detmold.de\/wp-content\/uploads\/2023\/03\/IMG_7976-2-150x150.jpeg\" class=\"attachment-thumbnail size-thumbnail\" alt=\"\" aria-describedby=\"gallery-1-17846\" srcset=\"https:\/\/www.sportverband-detmold.de\/wp-content\/uploads\/2023\/03\/IMG_7976-2-150x150.jpeg 150w, https:\/\/www.sportverband-detmold.de\/wp-content\/uploads\/2023\/03\/IMG_7976-2-80x80.jpeg 80w, https:\/\/www.sportverband-detmold.de\/wp-content\/uploads\/2023\/03\/IMG_7976-2-320x320.jpeg 320w\" sizes=\"auto, (max-width: 150px) 100vw, 150px\" \/><\/a>\n\t\t\t<\/dt>\n\t\t\t\t<dd class='wp-caption-text gallery-caption' id='gallery-1-17846'>\n\t\t\t\tGuido Mertens zeigt, wie es in die H\u00f6he geht\n\t\t\t\t<\/dd><\/dl>\n\t\t\t<br style='clear: both' \/>\n\t\t<\/div>\n\n","protected":false},"excerpt":{"rendered":"<p>Ein bemerkenswertes Leichtathletik-Projekt \u00fcber das ganze Winterhalbjahr 2022\/23 ist\u00a0soeben abgeschlossen worden: W\u00e4hrend man \u00fcberall im Lande nachlassende Bedeutung\u00a0von sportlicher Bewegung und auch der Leistungen in der Leichtathletik beklagt und sich\u00a0auf Programme wie \u201eAufholen nach&#46;&#46;&#46;<\/p>\n","protected":false},"author":1,"featured_media":17845,"comment_status":"closed","ping_status":"closed","sticky":false,"template":"","format":"standard","meta":{"footnotes":""},"categories":[1],"tags":[],"class_list":["post-17844","post","type-post","status-publish","format-standard","has-post-thumbnail","hentry","category-allgemein"],"_links":{"self":[{"href":"https:\/\/www.sportverband-detmold.de\/index.php?rest_route=\/wp\/v2\/posts\/17844","targetHints":{"allow":["GET"]}}],"collection":[{"href":"https:\/\/www.sportverband-detmold.de\/index.php?rest_route=\/wp\/v2\/posts"}],"about":[{"href":"https:\/\/www.sportverband-detmold.de\/index.php?rest_route=\/wp\/v2\/types\/post"}],"author":[{"embeddable":true,"href":"https:\/\/www.sportverband-detmold.de\/index.php?rest_route=\/wp\/v2\/users\/1"}],"replies":[{"embeddable":true,"href":"https:\/\/www.sportverband-detmold.de\/index.php?rest_route=%2Fwp%2Fv2%2Fcomments&post=17844"}],"version-history":[{"count":2,"href":"https:\/\/www.sportverband-detmold.de\/index.php?rest_route=\/wp\/v2\/posts\/17844\/revisions"}],"predecessor-version":[{"id":17852,"href":"https:\/\/www.sportverband-detmold.de\/index.php?rest_route=\/wp\/v2\/posts\/17844\/revisions\/17852"}],"wp:featuredmedia":[{"embeddable":true,"href":"https:\/\/www.sportverband-detmold.de\/index.php?rest_route=\/wp\/v2\/media\/17845"}],"wp:attachment":[{"href":"https:\/\/www.sportverband-detmold.de\/index.php?rest_route=%2Fwp%2Fv2%2Fmedia&parent=17844"}],"wp:term":[{"taxonomy":"category","embeddable":true,"href":"https:\/\/www.sportverband-detmold.de\/index.php?rest_route=%2Fwp%2Fv2%2Fcategories&post=17844"},{"taxonomy":"post_tag","embeddable":true,"href":"https:\/\/www.sportverband-detmold.de\/index.php?rest_route=%2Fwp%2Fv2%2Ftags&post=17844"}],"curies":[{"name":"wp","href":"https:\/\/api.w.org\/{rel}","templated":true}]}}