{"id":17648,"date":"2023-01-23T17:34:54","date_gmt":"2023-01-23T16:34:54","guid":{"rendered":"https:\/\/www.sportverband-detmold.de\/?p=17648"},"modified":"2023-01-23T17:34:54","modified_gmt":"2023-01-23T16:34:54","slug":"lippische-leichtathleten-mit-achtmal-edelmetall-erfolgreich-in-dortmund","status":"publish","type":"post","link":"https:\/\/www.sportverband-detmold.de\/?p=17648","title":{"rendered":"Lippische Leichtathleten mit achtmal Edelmetall erfolgreich in Dortmund"},"content":{"rendered":"<p><a href=\"https:\/\/www.sportverband-detmold.de\/wp-content\/uploads\/2023\/01\/DSC02354.jpeg\"><img loading=\"lazy\" decoding=\"async\" class=\"alignright size-medium wp-image-17650\" src=\"https:\/\/www.sportverband-detmold.de\/wp-content\/uploads\/2023\/01\/DSC02354-300x199.jpeg\" alt=\"\" width=\"300\" height=\"199\" srcset=\"https:\/\/www.sportverband-detmold.de\/wp-content\/uploads\/2023\/01\/DSC02354-300x199.jpeg 300w, https:\/\/www.sportverband-detmold.de\/wp-content\/uploads\/2023\/01\/DSC02354-1024x681.jpeg 1024w, https:\/\/www.sportverband-detmold.de\/wp-content\/uploads\/2023\/01\/DSC02354-768x511.jpeg 768w, https:\/\/www.sportverband-detmold.de\/wp-content\/uploads\/2023\/01\/DSC02354.jpeg 1280w\" sizes=\"auto, (max-width: 300px) 100vw, 300px\" \/><\/a>\u201eWenn ein Kreis Lippe schon in den ersten zwei von vier Westfalenmeisterschaftsterminen bei starker Konkurrenz f\u00fcnfmal Gold und zweimal Silber holt, dann ist das durchaus bemerkenswert\u201c, war ein zufriedener Leichtathletik-Chef Klaus Brand nach den beiden Tagen in der Dortmunder Helmut-K\u00f6rnig-Halle zu h\u00f6ren. Vor allem auch J\u00fcngere, die gerade erst die Ostwestfalen-Nachwuchsf\u00f6rderung durchlaufen, dr\u00e4ngten dabei ins Bild. Wie zum Beispiel in W14 Miranda Wolf (LG Lippe-S\u00fcd), die sich mit der viertbesten Meldeleistung von 8,97m als Kleinste im Feld der Kugelsto\u00dferinnen Sto\u00df um Sto\u00df verbesserte und schlie\u00dflich mit einer gewaltigen Energieleistung von 10,31m die bis dahin F\u00fchrende Duwenbeck (Olympia Dortmund) hinter sich lassen und sich den Titel holen konnte.<\/p>\n<p>Lange Zeit sah es sogar nach einem Doppelerfolg mit der Kugel aus, denn Vereinskamerad\u00a0Jannis Brand hatte sich im Kugelsto\u00df M15 mit 11,87m um fast einen halben Meter verbessert\u00a0und lange gef\u00fchrt, musste sich mit dem allerletzten Versuch aber von Kreimer (Horstmar) um\u00a021cm \u00fcbertreffen und auf den Silberrang versetzen lassen. Stark auch der Nachwuchs vom\u00a0Stabhochsprungverein Horn-Bad Meinberg-Lippe, wo nicht nur Melissa Petkau in W14 mit\u00a03,31m das Feld beherrschte, und in W15 Eva Wilke mit 3,00m siegte. Beide sicherten sich\u00a0damit Gold, und Jana Bielemeier belegte mit 2,80m noch Platz 3 in W14. Bei den Frauen\u00a0mussten sich Maybrit Sommer und Lina Heine diesmal jeweils mit 3,30m mit den Pl\u00e4tzen 5\u00a0und 6 begn\u00fcgen.<\/p>\n<p>In Startgemeinschaften erf\u00fcllten sich die Lipper weitere Medaillentr\u00e4ume: In der neu ins\u00a0Programm genommene Olympischen Staffel (400-200-200-800m) st\u00fcrmte in U20 Josefine\u00a0Harms mit den M\u00e4dchen der Stg Ubbedissen\/Lippe in 4:34,52min ebenso auf Platz 1 wie bei\u00a0den M\u00e4nnern \u00fcber 4x400m die Stg Ostwestfalen-Lippe in 3:38,41min mit Kevin Ostermann-Emilian Schlieker-Florian Korfmacher-Henrik Wallberg. In U20 konnten sich Wagenbach-\u00a0Schirpke-Meyer-Arning (alle LG Lage-Detmold-Bad Salzuflen) mit der Stg Herford\/Lippe mit\u00a0der 4x200m-Staffel in 2:00,35min Platz 2 sichern.<\/p>\n<p>In die N\u00e4he der Medaillenr\u00e4nge konnten sich weitere Lipper schieben: 4. Erik Steinmeier \u00fcber\u00a03000m U18 in 10:48,31min, 5. Till Morawietz in seinem ersten U20-Jahr \u00fcber 60m in 7,28s, 6.\u00a0Karolina Essing in W14 ganz \u00fcberraschend \u00fcber 60m in 8,55s und Tristan Kolke (alle LG\u00a0Lippe-S\u00fcd) mit 2:15,10min \u00fcber 800m. Und von der LG Lage-Detmold-Bad Salzuflen kamen\u00a0unter die besten Acht: 6. Leon Schirpke \u00fcber 60m M15 in 7,86s, 6. Karl-Luis Eickmeier in\u00a0M15 \u00fcber 800m in 2:19,56min und Emilian Schlieker in U18 \u00fcber 800m mit einer tollen Zeit\u00a0von 2:05,97min.<\/p>\n\n\t\t<style>\n\t\t\t#gallery-1 {\n\t\t\t\tmargin: auto;\n\t\t\t}\n\t\t\t#gallery-1 .gallery-item {\n\t\t\t\tfloat: left;\n\t\t\t\tmargin-top: 10px;\n\t\t\t\ttext-align: center;\n\t\t\t\twidth: 50%;\n\t\t\t}\n\t\t\t#gallery-1 img {\n\t\t\t\tborder: 2px solid #cfcfcf;\n\t\t\t}\n\t\t\t#gallery-1 .gallery-caption {\n\t\t\t\tmargin-left: 0;\n\t\t\t}\n\t\t\t\/* see gallery_shortcode() in wp-includes\/media.php *\/\n\t\t<\/style>\n\t\t<div id='gallery-1' class='gallery galleryid-17648 gallery-columns-2 gallery-size-thumbnail'><dl class='gallery-item'>\n\t\t\t<dt class='gallery-icon landscape'>\n\t\t\t\t<a href='https:\/\/www.sportverband-detmold.de\/wp-content\/uploads\/2023\/01\/DSC02506-2.jpeg'><img loading=\"lazy\" decoding=\"async\" width=\"150\" height=\"150\" src=\"https:\/\/www.sportverband-detmold.de\/wp-content\/uploads\/2023\/01\/DSC02506-2-150x150.jpeg\" class=\"attachment-thumbnail size-thumbnail\" alt=\"\" \/><\/a>\n\t\t\t<\/dt><\/dl><dl class='gallery-item'>\n\t\t\t<dt class='gallery-icon landscape'>\n\t\t\t\t<a href='https:\/\/www.sportverband-detmold.de\/wp-content\/uploads\/2023\/01\/IMG_7759-2.jpeg'><img loading=\"lazy\" decoding=\"async\" width=\"150\" height=\"150\" src=\"https:\/\/www.sportverband-detmold.de\/wp-content\/uploads\/2023\/01\/IMG_7759-2-150x150.jpeg\" class=\"attachment-thumbnail size-thumbnail\" alt=\"\" \/><\/a>\n\t\t\t<\/dt><\/dl><br style=\"clear: both\" \/>\n\t\t<\/div>\n\n","protected":false},"excerpt":{"rendered":"<p>\u201eWenn ein Kreis Lippe schon in den ersten zwei von vier Westfalenmeisterschaftsterminen bei starker Konkurrenz f\u00fcnfmal Gold und zweimal Silber holt, dann ist das durchaus bemerkenswert\u201c, war ein zufriedener Leichtathletik-Chef Klaus Brand nach den&#46;&#46;&#46;<\/p>\n","protected":false},"author":1,"featured_media":17650,"comment_status":"closed","ping_status":"closed","sticky":false,"template":"","format":"standard","meta":{"footnotes":""},"categories":[1],"tags":[],"class_list":["post-17648","post","type-post","status-publish","format-standard","has-post-thumbnail","hentry","category-allgemein"],"_links":{"self":[{"href":"https:\/\/www.sportverband-detmold.de\/index.php?rest_route=\/wp\/v2\/posts\/17648","targetHints":{"allow":["GET"]}}],"collection":[{"href":"https:\/\/www.sportverband-detmold.de\/index.php?rest_route=\/wp\/v2\/posts"}],"about":[{"href":"https:\/\/www.sportverband-detmold.de\/index.php?rest_route=\/wp\/v2\/types\/post"}],"author":[{"embeddable":true,"href":"https:\/\/www.sportverband-detmold.de\/index.php?rest_route=\/wp\/v2\/users\/1"}],"replies":[{"embeddable":true,"href":"https:\/\/www.sportverband-detmold.de\/index.php?rest_route=%2Fwp%2Fv2%2Fcomments&post=17648"}],"version-history":[{"count":2,"href":"https:\/\/www.sportverband-detmold.de\/index.php?rest_route=\/wp\/v2\/posts\/17648\/revisions"}],"predecessor-version":[{"id":17653,"href":"https:\/\/www.sportverband-detmold.de\/index.php?rest_route=\/wp\/v2\/posts\/17648\/revisions\/17653"}],"wp:featuredmedia":[{"embeddable":true,"href":"https:\/\/www.sportverband-detmold.de\/index.php?rest_route=\/wp\/v2\/media\/17650"}],"wp:attachment":[{"href":"https:\/\/www.sportverband-detmold.de\/index.php?rest_route=%2Fwp%2Fv2%2Fmedia&parent=17648"}],"wp:term":[{"taxonomy":"category","embeddable":true,"href":"https:\/\/www.sportverband-detmold.de\/index.php?rest_route=%2Fwp%2Fv2%2Fcategories&post=17648"},{"taxonomy":"post_tag","embeddable":true,"href":"https:\/\/www.sportverband-detmold.de\/index.php?rest_route=%2Fwp%2Fv2%2Ftags&post=17648"}],"curies":[{"name":"wp","href":"https:\/\/api.w.org\/{rel}","templated":true}]}}