{"id":176,"date":"2009-10-03T10:08:09","date_gmt":"2009-10-03T08:08:09","guid":{"rendered":"http:\/\/www.sportverband-detmold.de\/?p=176"},"modified":"2009-10-03T10:08:09","modified_gmt":"2009-10-03T08:08:09","slug":"ehrenamtsfreibetrag-frist-bis-zum-31-12-2010-verlangert","status":"publish","type":"post","link":"https:\/\/www.sportverband-detmold.de\/?p=176","title":{"rendered":"Ehrenamtsfreibetrag: Frist bis zum 31.12.2010 verl\u00e4ngert!"},"content":{"rendered":"<p>Die Frist f\u00fcr die Satzungs\u00e4nderung wurde bis zum 31.12.2010 verl\u00e4ngert. Evtl. notwendige Satzungs\u00e4nderungen k\u00f6nnen somit auch noch im Rahmen der 2010er Mitgliedsversammlungen durchgef\u00fchrt werden!<\/p>\n","protected":false},"excerpt":{"rendered":"<p>Die Frist f\u00fcr die Satzungs\u00e4nderung wurde bis zum 31.12.2010 verl\u00e4ngert. Evtl. notwendige Satzungs\u00e4nderungen k\u00f6nnen somit auch noch im Rahmen der 2010er Mitgliedsversammlungen durchgef\u00fchrt werden!<\/p>\n","protected":false},"author":2,"featured_media":0,"comment_status":"closed","ping_status":"closed","sticky":false,"template":"","format":"standard","meta":{"footnotes":""},"categories":[1],"tags":[7,23],"class_list":["post-176","post","type-post","status-publish","format-standard","hentry","category-allgemein","tag-jahreshauptversammlung","tag-satzung"],"_links":{"self":[{"href":"https:\/\/www.sportverband-detmold.de\/index.php?rest_route=\/wp\/v2\/posts\/176","targetHints":{"allow":["GET"]}}],"collection":[{"href":"https:\/\/www.sportverband-detmold.de\/index.php?rest_route=\/wp\/v2\/posts"}],"about":[{"href":"https:\/\/www.sportverband-detmold.de\/index.php?rest_route=\/wp\/v2\/types\/post"}],"author":[{"embeddable":true,"href":"https:\/\/www.sportverband-detmold.de\/index.php?rest_route=\/wp\/v2\/users\/2"}],"replies":[{"embeddable":true,"href":"https:\/\/www.sportverband-detmold.de\/index.php?rest_route=%2Fwp%2Fv2%2Fcomments&post=176"}],"version-history":[{"count":1,"href":"https:\/\/www.sportverband-detmold.de\/index.php?rest_route=\/wp\/v2\/posts\/176\/revisions"}],"predecessor-version":[{"id":177,"href":"https:\/\/www.sportverband-detmold.de\/index.php?rest_route=\/wp\/v2\/posts\/176\/revisions\/177"}],"wp:attachment":[{"href":"https:\/\/www.sportverband-detmold.de\/index.php?rest_route=%2Fwp%2Fv2%2Fmedia&parent=176"}],"wp:term":[{"taxonomy":"category","embeddable":true,"href":"https:\/\/www.sportverband-detmold.de\/index.php?rest_route=%2Fwp%2Fv2%2Fcategories&post=176"},{"taxonomy":"post_tag","embeddable":true,"href":"https:\/\/www.sportverband-detmold.de\/index.php?rest_route=%2Fwp%2Fv2%2Ftags&post=176"}],"curies":[{"name":"wp","href":"https:\/\/api.w.org\/{rel}","templated":true}]}}