{"id":17558,"date":"2023-01-03T10:57:14","date_gmt":"2023-01-03T09:57:14","guid":{"rendered":"https:\/\/www.sportverband-detmold.de\/?p=17558"},"modified":"2023-01-03T10:57:14","modified_gmt":"2023-01-03T09:57:14","slug":"teilhabe-par-excellence-detmold-wird-bundesweiter-vorreiter","status":"publish","type":"post","link":"https:\/\/www.sportverband-detmold.de\/?p=17558","title":{"rendered":"\u201eTeilhabe par excellence\u201c: Detmold wird bundesweiter Vorreiter"},"content":{"rendered":"<div id=\"attachment_17557\" style=\"width: 310px\" class=\"wp-caption alignright\"><a href=\"https:\/\/www.sportverband-detmold.de\/wp-content\/uploads\/2023\/01\/Sport_inklusiv.jpg\"><img loading=\"lazy\" decoding=\"async\" aria-describedby=\"caption-attachment-17557\" class=\"size-medium wp-image-17557\" src=\"https:\/\/www.sportverband-detmold.de\/wp-content\/uploads\/2023\/01\/Sport_inklusiv-300x200.jpg\" alt=\"\" width=\"300\" height=\"200\" srcset=\"https:\/\/www.sportverband-detmold.de\/wp-content\/uploads\/2023\/01\/Sport_inklusiv-300x200.jpg 300w, https:\/\/www.sportverband-detmold.de\/wp-content\/uploads\/2023\/01\/Sport_inklusiv-1024x683.jpg 1024w, https:\/\/www.sportverband-detmold.de\/wp-content\/uploads\/2023\/01\/Sport_inklusiv-768x512.jpg 768w, https:\/\/www.sportverband-detmold.de\/wp-content\/uploads\/2023\/01\/Sport_inklusiv-1536x1024.jpg 1536w, https:\/\/www.sportverband-detmold.de\/wp-content\/uploads\/2023\/01\/Sport_inklusiv-2048x1365.jpg 2048w\" sizes=\"auto, (max-width: 300px) 100vw, 300px\" \/><\/a><p id=\"caption-attachment-17557\" class=\"wp-caption-text\">Sport f\u00fcr alle \u2013 das ist bei der inklusiven Mannschaft des TuS Eichholz-Remmighausen schon gelebte Realit\u00e4t. In Zukunft k\u00f6nnte das Angebot noch weiter ausgebaut werden. Foto: Stadt Detmold<\/p><\/div>\n<p>Detmold nimmt in Sachen \u201eSport inklusiv\u201c im kommenden Jahr eine Vorreiterrolle\u00a0ein. Als erste Stadt bundesweit wird sie in Kooperation mit Dachverb\u00e4nden des Sports\u00a0Qualifizierungen von Menschen mit Beeintr\u00e4chtigungen anbieten, um deren\u00a0Selbstwirksamkeit zu f\u00f6rdern und sie m\u00f6glichst f\u00fcr ein ehrenamtliches Engagement mit\u00a0Verantwortungs\u00fcbernahme in den Sportvereinen zu bef\u00e4higen. \u201eDas ist Teilhabe par\u00a0excellence\u201c, freut sich Uli Dubbert, der bei der Stadt Detmold f\u00fcr die\u00a0Sportentwicklungsplanung verantwortlich ist.<\/p>\n<p>\u201eSport f\u00fcr alle\u201c &#8211; das ist ein erkl\u00e4rtes Ziel der Sportentwicklungsplanung in Detmold. Damit\u00a0sind nicht nur sportliche Programme f\u00fcr Menschen aller Altersstufen gemeint, sondern es\u00a0geht auch um Inklusion. Das hei\u00dft: Sportangebote f\u00fcr Menschen mit psychischen und\u00a0physischen Beeintr\u00e4chtigungen werden in Zusammenarbeit mit den \u00f6rtlichen\u00a0Sportvereinen in Zukunft noch weiter ausgebaut. Das muss gut vorbereitet, geplant und\u00a0langfristig auch begleitet werden &#8211; und das kostet nat\u00fcrlich Geld. 200.000 Euro f\u00fcr das\u00a0Projekt \u201eSport inklusiv\u201c erh\u00e4lt die Stadt daf\u00fcr aus dem F\u00f6rdertopf der LWL-Sozialstiftung\u00a0gGmbH, die Gelder f\u00fcr innovative Projekte f\u00fcr mehr Inklusion und Teilhabe bereitstellt.\u00a0Damit werden neue Qualifizierungen erm\u00f6glicht &#8211; und das Sportangebot in Detmold noch\u00a0inklusiver. Langfristig sollen die Projekterfahrungen und guten Beispiele geteilt werden und<br \/>\nNachahmer in anderen Regionen finden.<\/p>\n<p>Das Projekt \u201eSport inklusiv\u201c startet im M\u00e4rz kommenden Jahres und l\u00e4uft bis Dezember\u00a02025. In einem ersten Schritt starten die Verantwortlichen zun\u00e4chst damit, die Angebots-\u00a0und Nachfragesituation zu kl\u00e4ren: Welche Sportvereine machen bereits inklusive\u00a0Angebote? Wie werden sie genutzt? Wie gro\u00df ist der Bedarf dar\u00fcber hinaus? Nicht zuletzt\u00a0wird bei dieser Bestandsaufnahme auch ermittelt, wie barrierefrei die Detmolder<br \/>\nSportst\u00e4tten sind.\u00a0Hand in Hand mit den Anbietern sportlicher Angebote, darunter nat\u00fcrlich die zahlreichen\u00a0Sportvereine, soll dann das inklusive Angebot kontinuierlich erweitert werden. Dazu geh\u00f6rt\u00a0es auch, \u00dcbungsleiter weiter zu qualifizieren, um sie auf den professionellen Umgang mit\u00a0Menschen mit Beeintr\u00e4chtigungen bestens vorzubereiten. Uli Dubbert: \u201eUnter anderem\u00a0geht es darum, noch einf\u00fchlsamer auf Teilnehmer einzugehen und gemeinsam neue\u00a0Bewegungsangebote zu entwickeln, die zum Beispiel mit weniger Regeln als klassische,\u00a0sportartspezifische Angebote auskommen.\u201c\u00a0Und schlie\u00dflich, so w\u00fcnscht es sich der Sportentwicklungsplaner, haben m\u00f6glichst viele\u00a0Menschen mit Beeintr\u00e4chtigungen hoffentlich gro\u00dfes Interesse daran, die neue\u00a0Fortbildungsm\u00f6glichkeit zu nutzen, um k\u00fcnftig im eigenen sportlichen Team Verantwortung\u00a0zu \u00fcbernehmen: \u201eF\u00fcr die Pers\u00f6nlichkeitsentwicklung ist das ein ganz gro\u00dfer Schritt nach\u00a0vorn\u201c, prognostiziert Uli Dubbert.<\/p>\n","protected":false},"excerpt":{"rendered":"<p>Detmold nimmt in Sachen \u201eSport inklusiv\u201c im kommenden Jahr eine Vorreiterrolle\u00a0ein. Als erste Stadt bundesweit wird sie in Kooperation mit Dachverb\u00e4nden des Sports\u00a0Qualifizierungen von Menschen mit Beeintr\u00e4chtigungen anbieten, um deren\u00a0Selbstwirksamkeit zu f\u00f6rdern und sie&#46;&#46;&#46;<\/p>\n","protected":false},"author":1,"featured_media":17557,"comment_status":"closed","ping_status":"closed","sticky":false,"template":"","format":"standard","meta":{"footnotes":""},"categories":[1],"tags":[],"class_list":["post-17558","post","type-post","status-publish","format-standard","has-post-thumbnail","hentry","category-allgemein"],"_links":{"self":[{"href":"https:\/\/www.sportverband-detmold.de\/index.php?rest_route=\/wp\/v2\/posts\/17558","targetHints":{"allow":["GET"]}}],"collection":[{"href":"https:\/\/www.sportverband-detmold.de\/index.php?rest_route=\/wp\/v2\/posts"}],"about":[{"href":"https:\/\/www.sportverband-detmold.de\/index.php?rest_route=\/wp\/v2\/types\/post"}],"author":[{"embeddable":true,"href":"https:\/\/www.sportverband-detmold.de\/index.php?rest_route=\/wp\/v2\/users\/1"}],"replies":[{"embeddable":true,"href":"https:\/\/www.sportverband-detmold.de\/index.php?rest_route=%2Fwp%2Fv2%2Fcomments&post=17558"}],"version-history":[{"count":2,"href":"https:\/\/www.sportverband-detmold.de\/index.php?rest_route=\/wp\/v2\/posts\/17558\/revisions"}],"predecessor-version":[{"id":17560,"href":"https:\/\/www.sportverband-detmold.de\/index.php?rest_route=\/wp\/v2\/posts\/17558\/revisions\/17560"}],"wp:featuredmedia":[{"embeddable":true,"href":"https:\/\/www.sportverband-detmold.de\/index.php?rest_route=\/wp\/v2\/media\/17557"}],"wp:attachment":[{"href":"https:\/\/www.sportverband-detmold.de\/index.php?rest_route=%2Fwp%2Fv2%2Fmedia&parent=17558"}],"wp:term":[{"taxonomy":"category","embeddable":true,"href":"https:\/\/www.sportverband-detmold.de\/index.php?rest_route=%2Fwp%2Fv2%2Fcategories&post=17558"},{"taxonomy":"post_tag","embeddable":true,"href":"https:\/\/www.sportverband-detmold.de\/index.php?rest_route=%2Fwp%2Fv2%2Ftags&post=17558"}],"curies":[{"name":"wp","href":"https:\/\/api.w.org\/{rel}","templated":true}]}}