{"id":17545,"date":"2022-12-22T09:39:26","date_gmt":"2022-12-22T08:39:26","guid":{"rendered":"https:\/\/www.sportverband-detmold.de\/?p=17545"},"modified":"2022-12-22T09:39:26","modified_gmt":"2022-12-22T08:39:26","slug":"weihnachtsgruss-des-detmolder-sportverbandes","status":"publish","type":"post","link":"https:\/\/www.sportverband-detmold.de\/?p=17545","title":{"rendered":"Weihnachtsgru\u00df des Detmolder Sportverbandes"},"content":{"rendered":"<p><a href=\"https:\/\/www.sportverband-detmold.de\/wp-content\/uploads\/2015\/12\/advent-227307_640.jpg\"><img loading=\"lazy\" decoding=\"async\" class=\"alignright size-medium wp-image-2662\" src=\"https:\/\/www.sportverband-detmold.de\/wp-content\/uploads\/2015\/12\/advent-227307_640-300x212.jpg\" alt=\"\" width=\"300\" height=\"212\" srcset=\"https:\/\/www.sportverband-detmold.de\/wp-content\/uploads\/2015\/12\/advent-227307_640-300x212.jpg 300w, https:\/\/www.sportverband-detmold.de\/wp-content\/uploads\/2015\/12\/advent-227307_640-70x50.jpg 70w, https:\/\/www.sportverband-detmold.de\/wp-content\/uploads\/2015\/12\/advent-227307_640.jpg 640w\" sizes=\"auto, (max-width: 300px) 100vw, 300px\" \/><\/a>Liebe Sportler,<\/p>\n<p>Sport ist bunt, vielseitig, tolerant und offen. Mein Gru\u00df geht an alle gleicherma\u00dfen und ich\u00a0w\u00fcnsche mir, dass sich alle angesprochen f\u00fchlen!<\/p>\n<p>Im vergangenen Jahr hatte ich in meinem Weihnachtsgru\u00df von einem \u201eAusnahmejahr\u201c\u00a0gesprochen. Nach Pandemie, Einschr\u00e4nkungen und Absagen hatten wir alle geglaubt, dass<br \/>\nsich die Dinge in 2022 wieder normalisieren w\u00fcrden.\u00a0Leider hat uns die Realit\u00e4t eines Besseren belehrt. In diesem Jahr hat es neue, nicht f\u00fcr\u00a0m\u00f6glich gehaltene Herausforderungen gegeben, die uns und die Welt in Atem halten. Auf\u00a0das kommende Jahr schauen wir deshalb sicherlich alle mit etwas gemischten Gef\u00fchlen.\u00a0Denn die Welt \u00e4ndert sich weiter in rasantem Tempo und der Sport nat\u00fcrlich auch, leider\u00a0nicht immer zum Positiven.\u00a0Dabei ist mir bewusst, dass diese vielf\u00e4ltigen Herausforderungen Ihnen allen viel\u00a0abverlangen. Bei der hohen Arbeitslast sowohl im Ehrenamt als auch im bezahlten Bereich\u00a0und trotz der Unsicherheiten, mit denen wir momentan konfrontiert werden, bin ich sehr stolz\u00a0darauf, dass der Detmolder Sport sich auf Ihr Engagement und Ihre unerm\u00fcdliche Tatkraft zu\u00a0100 Prozent verlassen kann.<\/p>\n<p>Mein Dank gilt allen Beteiligten: Sportlern, Ehrenamtlern, Trainern und \u00dcbungsleitern,\u00a0Vorst\u00e4nden und Helfern aber auch Sponsoren, die dem Sport treu bleiben und auch nicht\u00a0zuletzt der Politik und der Verwaltung.<br \/>\nDaf\u00fcr sage ich Ihnen ganz herzlichen Dank!\u00a0Ihnen und Ihren Lieben w\u00fcnsche ich nun sch\u00f6ne Weihnachtstage, etwas Zeit zum\u00a0Durchatmen und einen guten Start ins Jahr 2023 \u2013 mit vielen positiven und hoffnungsfrohen<br \/>\nMomenten.<\/p>\n<p>Mit herzlichen Gr\u00fc\u00dfen \u2013 und bleiben Sie gesund!<\/p>\n<p>Carsten Lemm<br \/>\nVorsitzender<br \/>\nSportverband Detmold e.V.<\/p>\n","protected":false},"excerpt":{"rendered":"<p>Liebe Sportler, Sport ist bunt, vielseitig, tolerant und offen. Mein Gru\u00df geht an alle gleicherma\u00dfen und ich\u00a0w\u00fcnsche mir, dass sich alle angesprochen f\u00fchlen! Im vergangenen Jahr hatte ich in meinem Weihnachtsgru\u00df von einem \u201eAusnahmejahr\u201c\u00a0gesprochen.&#46;&#46;&#46;<\/p>\n","protected":false},"author":1,"featured_media":2662,"comment_status":"closed","ping_status":"closed","sticky":false,"template":"","format":"standard","meta":{"footnotes":""},"categories":[1],"tags":[],"class_list":["post-17545","post","type-post","status-publish","format-standard","has-post-thumbnail","hentry","category-allgemein"],"_links":{"self":[{"href":"https:\/\/www.sportverband-detmold.de\/index.php?rest_route=\/wp\/v2\/posts\/17545","targetHints":{"allow":["GET"]}}],"collection":[{"href":"https:\/\/www.sportverband-detmold.de\/index.php?rest_route=\/wp\/v2\/posts"}],"about":[{"href":"https:\/\/www.sportverband-detmold.de\/index.php?rest_route=\/wp\/v2\/types\/post"}],"author":[{"embeddable":true,"href":"https:\/\/www.sportverband-detmold.de\/index.php?rest_route=\/wp\/v2\/users\/1"}],"replies":[{"embeddable":true,"href":"https:\/\/www.sportverband-detmold.de\/index.php?rest_route=%2Fwp%2Fv2%2Fcomments&post=17545"}],"version-history":[{"count":2,"href":"https:\/\/www.sportverband-detmold.de\/index.php?rest_route=\/wp\/v2\/posts\/17545\/revisions"}],"predecessor-version":[{"id":17547,"href":"https:\/\/www.sportverband-detmold.de\/index.php?rest_route=\/wp\/v2\/posts\/17545\/revisions\/17547"}],"wp:featuredmedia":[{"embeddable":true,"href":"https:\/\/www.sportverband-detmold.de\/index.php?rest_route=\/wp\/v2\/media\/2662"}],"wp:attachment":[{"href":"https:\/\/www.sportverband-detmold.de\/index.php?rest_route=%2Fwp%2Fv2%2Fmedia&parent=17545"}],"wp:term":[{"taxonomy":"category","embeddable":true,"href":"https:\/\/www.sportverband-detmold.de\/index.php?rest_route=%2Fwp%2Fv2%2Fcategories&post=17545"},{"taxonomy":"post_tag","embeddable":true,"href":"https:\/\/www.sportverband-detmold.de\/index.php?rest_route=%2Fwp%2Fv2%2Ftags&post=17545"}],"curies":[{"name":"wp","href":"https:\/\/api.w.org\/{rel}","templated":true}]}}