{"id":17538,"date":"2022-12-21T10:40:49","date_gmt":"2022-12-21T09:40:49","guid":{"rendered":"https:\/\/www.sportverband-detmold.de\/?p=17538"},"modified":"2022-12-21T10:43:18","modified_gmt":"2022-12-21T09:43:18","slug":"begeisterndes-weihnachtsturnen-des-landesleistungszentrums-turnen-in-detmold","status":"publish","type":"post","link":"https:\/\/www.sportverband-detmold.de\/?p=17538","title":{"rendered":"Begeisterndes Weihnachtsturnen des Landesleistungszentrums Turnen in Detmold"},"content":{"rendered":"<div id=\"attachment_17539\" style=\"width: 310px\" class=\"wp-caption alignright\"><a href=\"https:\/\/www.sportverband-detmold.de\/wp-content\/uploads\/2022\/12\/Liana-Keil-Balkenuebung-4-scaled.jpg\"><img loading=\"lazy\" decoding=\"async\" aria-describedby=\"caption-attachment-17539\" class=\"size-medium wp-image-17539\" src=\"https:\/\/www.sportverband-detmold.de\/wp-content\/uploads\/2022\/12\/Liana-Keil-Balkenuebung-4-300x200.jpg\" alt=\"\" width=\"300\" height=\"200\" srcset=\"https:\/\/www.sportverband-detmold.de\/wp-content\/uploads\/2022\/12\/Liana-Keil-Balkenuebung-4-300x200.jpg 300w, https:\/\/www.sportverband-detmold.de\/wp-content\/uploads\/2022\/12\/Liana-Keil-Balkenuebung-4-1024x683.jpg 1024w, https:\/\/www.sportverband-detmold.de\/wp-content\/uploads\/2022\/12\/Liana-Keil-Balkenuebung-4-768x512.jpg 768w, https:\/\/www.sportverband-detmold.de\/wp-content\/uploads\/2022\/12\/Liana-Keil-Balkenuebung-4-1536x1024.jpg 1536w, https:\/\/www.sportverband-detmold.de\/wp-content\/uploads\/2022\/12\/Liana-Keil-Balkenuebung-4-2048x1365.jpg 2048w\" sizes=\"auto, (max-width: 300px) 100vw, 300px\" \/><\/a><p id=\"caption-attachment-17539\" class=\"wp-caption-text\">Fotograf: Egon Penner. Das Foto zeigte Liana Keil vom Detmolder SV.<\/p><\/div>\n<p>Nach zweij\u00e4hriger pandemiebedingter Pause hatte das Warten ein Ende: Dicht\u00a0gedr\u00e4ngt sa\u00dfen Turneltern und zahlreiche Ehreng\u00e4ste aus nah und fern\u00a0erwartungsfroh auf den Turnb\u00e4nken. Und auch St\u00fctzpunktleiter Hans-Joachim D\u00f6rrer\u00a0hatte bei der Begr\u00fc\u00dfung schwei\u00dfige H\u00e4nde. Sein Willkommensgru\u00df galt dabei vor\u00a0allem den Ehreng\u00e4sten von der Stadt Detmold, vom Kreis Lippe, vom Lippischen\u00a0Turngau, von den kooperierenden Schulen und Vereinen sowie den Sponsoren. \u201eSie\u00a0alle bilden zusammen ein gro\u00dfes WIR, das notwendig ist, um turnbegabte Kinder zu\u00a0hohen und h\u00f6chsten Leistungen f\u00fchren zu k\u00f6nnen. Und egal, wieweit dieser Weg\u00a0geht, jeder Schritt, den die uns anvertrauten Kinder hier gehen, tr\u00e4gt dazu bei, die\u00a0k\u00f6rperliche, seelische und geistige Entwicklung zu f\u00f6rdern.\u201c<\/p>\n<p>Und dann ging es los: 25 Auftritte von den j\u00fcngsten Turntalenten der AK 6 bis zu den\u00a0Bundeskaderturnerinnen der AK 11-14 versetzten Eltern und G\u00e4ste in wahre\u00a0Begeisterungsst\u00fcrme. Was den B\u00fcrgermeister der Stadt Detmold als Hausherrn\u00a0dieses Turnzentrums zu der Feststellung veranlasste: \u201eWas brauchen wir eine\u00a0Fu\u00dfball-WM in Katar, wenn wir in Detmold ein Turnleistungszentrum haben, in dem\u00a0turnerische Talente zu nationalen und sogar internationalen Leistungen gef\u00fchrt\u00a0werden.\u201c\u00a0\u00dcber diese Worte freute sich niemand mehr als St\u00fctzpunktleiter Hans-Joachim\u00a0D\u00f6rrer, der zusammen mit Cheftrainer Michael Gruhl das Weihnachtsturnen\u00a0moderierte und dabei auch auf die Entwicklung des Turnzentrums einging: \u201eAls\u00a0dieses Turnzentrum im Jahr 1980 er\u00f6ffnet wurde, konnte niemand voraussagen, ob\u00a0und in welchem Umfang sich die Idee einer turnerischen Talentf\u00f6rderung w\u00fcrde\u00a0verwirklichen lassen. Aber die gemeinsam mit mir arbeitenden Trainerinnen und\u00a0Trainer waren so erfolgreich, dass schon bald der Name Detmolds als turnerische\u00a0Talentschmiede in Deutschland die Runde machte. Das geschah zun\u00e4chst auf\u00a0schulischer Ebene beim Bundeswettbewerb der Schulen JUGEND TRAINIERT F\u00dcR\u00a0OLYMPIA, wo die M\u00e4dchenmannschaften des Christian-Dietrich-Grabbe-\u00a0Gymnasiums bis heute 25 mal den Sprung ins Bundesfinale schafften und dreimal\u00a0Bundessieger werden konnten. Aber auch auf Vereinsebene lie\u00dfen die Erfolge nicht\u00a0lange auf sich warten. So erreichten unsere Turnerinnen eine Vielzahl von Medaillen\u00a0auf nationaler und internationaler Ebene.<\/p>\n<p>Der H\u00f6hepunkt war dann die Berufung von\u00a0Nadine Jarosch in das Turnteam Deutschland, mit dem sie 2012 bei den\u00a0Olympischen Spielen in London den 9. Platz erk\u00e4mpfte. Vater dieser Erfolge war\u00a0innerhalb des Trainerteams Michael Gruhl, der nach der Wende bei uns angeheuert\u00a0hat. An Dich, lieber Michael \u00fcbergebe ich nach \u00fcber 40j\u00e4hriger T\u00e4tigkeit mein Amt als\u00a0St\u00fctzpunktleiter. Ich danke Dir und allen anderen Mitstreiterinnen und Mitstreitern f\u00fcr\u00a0die langj\u00e4hrige Zusammenarbeit, von der ich keine Sekunde missen m\u00f6chte. Und ich\u00a0bin \u00fcberzeugt, dass Du das turnerische Schiff weiterhin auf Erfolgskurs halten wirst.\u201c\u00a0Diesen Worten schloss sich auch die Gauvorsitzende des Lippischen Turngaues,\u00a0Pia-Carola Caspari, an. Ihre Dankesworte waren gepr\u00e4gt von den Erfahrungen, die\u00a0sie als aktive Turnerin bei \u201eHAJ0\u201c gemacht hat: \u201eIch f\u00fchlte mich bei Dir sowohl beim\u00a0Training wie auch bei den Wettk\u00e4mpfen immer gut aufgehoben, weil das Herzblut zu\u00a0sp\u00fcren war, mit dem Du mich und alle anderen Turnerinnen begleitet hast.\u201c<\/p>\n","protected":false},"excerpt":{"rendered":"<p>Nach zweij\u00e4hriger pandemiebedingter Pause hatte das Warten ein Ende: Dicht\u00a0gedr\u00e4ngt sa\u00dfen Turneltern und zahlreiche Ehreng\u00e4ste aus nah und fern\u00a0erwartungsfroh auf den Turnb\u00e4nken. Und auch St\u00fctzpunktleiter Hans-Joachim D\u00f6rrer\u00a0hatte bei der Begr\u00fc\u00dfung schwei\u00dfige H\u00e4nde. Sein Willkommensgru\u00df&#46;&#46;&#46;<\/p>\n","protected":false},"author":1,"featured_media":17539,"comment_status":"closed","ping_status":"closed","sticky":false,"template":"","format":"standard","meta":{"footnotes":""},"categories":[1],"tags":[],"class_list":["post-17538","post","type-post","status-publish","format-standard","has-post-thumbnail","hentry","category-allgemein"],"_links":{"self":[{"href":"https:\/\/www.sportverband-detmold.de\/index.php?rest_route=\/wp\/v2\/posts\/17538","targetHints":{"allow":["GET"]}}],"collection":[{"href":"https:\/\/www.sportverband-detmold.de\/index.php?rest_route=\/wp\/v2\/posts"}],"about":[{"href":"https:\/\/www.sportverband-detmold.de\/index.php?rest_route=\/wp\/v2\/types\/post"}],"author":[{"embeddable":true,"href":"https:\/\/www.sportverband-detmold.de\/index.php?rest_route=\/wp\/v2\/users\/1"}],"replies":[{"embeddable":true,"href":"https:\/\/www.sportverband-detmold.de\/index.php?rest_route=%2Fwp%2Fv2%2Fcomments&post=17538"}],"version-history":[{"count":3,"href":"https:\/\/www.sportverband-detmold.de\/index.php?rest_route=\/wp\/v2\/posts\/17538\/revisions"}],"predecessor-version":[{"id":17542,"href":"https:\/\/www.sportverband-detmold.de\/index.php?rest_route=\/wp\/v2\/posts\/17538\/revisions\/17542"}],"wp:featuredmedia":[{"embeddable":true,"href":"https:\/\/www.sportverband-detmold.de\/index.php?rest_route=\/wp\/v2\/media\/17539"}],"wp:attachment":[{"href":"https:\/\/www.sportverband-detmold.de\/index.php?rest_route=%2Fwp%2Fv2%2Fmedia&parent=17538"}],"wp:term":[{"taxonomy":"category","embeddable":true,"href":"https:\/\/www.sportverband-detmold.de\/index.php?rest_route=%2Fwp%2Fv2%2Fcategories&post=17538"},{"taxonomy":"post_tag","embeddable":true,"href":"https:\/\/www.sportverband-detmold.de\/index.php?rest_route=%2Fwp%2Fv2%2Ftags&post=17538"}],"curies":[{"name":"wp","href":"https:\/\/api.w.org\/{rel}","templated":true}]}}