{"id":17257,"date":"2022-09-12T15:28:52","date_gmt":"2022-09-12T13:28:52","guid":{"rendered":"https:\/\/www.sportverband-detmold.de\/?p=17257"},"modified":"2022-09-12T15:28:52","modified_gmt":"2022-09-12T13:28:52","slug":"gelungene-deutsche-meisterschaften-mit-bronze-fuer-lipper","status":"publish","type":"post","link":"https:\/\/www.sportverband-detmold.de\/?p=17257","title":{"rendered":"Gelungene deutsche Meisterschaften mit Bronze f\u00fcr Lipper"},"content":{"rendered":"<p><a href=\"https:\/\/www.sportverband-detmold.de\/wp-content\/uploads\/2022\/09\/IMG_7234.jpeg\"><img loading=\"lazy\" decoding=\"async\" class=\"alignright size-medium wp-image-17260\" src=\"https:\/\/www.sportverband-detmold.de\/wp-content\/uploads\/2022\/09\/IMG_7234-300x169.jpeg\" alt=\"\" width=\"300\" height=\"169\" srcset=\"https:\/\/www.sportverband-detmold.de\/wp-content\/uploads\/2022\/09\/IMG_7234-300x169.jpeg 300w, https:\/\/www.sportverband-detmold.de\/wp-content\/uploads\/2022\/09\/IMG_7234-1024x576.jpeg 1024w, https:\/\/www.sportverband-detmold.de\/wp-content\/uploads\/2022\/09\/IMG_7234-768x432.jpeg 768w, https:\/\/www.sportverband-detmold.de\/wp-content\/uploads\/2022\/09\/IMG_7234.jpeg 1280w\" sizes=\"auto, (max-width: 300px) 100vw, 300px\" \/><\/a>Nach Jahren derAbstinenz hatte die LG Lage-Detmold-Bad Salzuflen nun wieder eine deutsche Meisterschaft \u00fcbertragen bekommen, und es wurde eine sehr gelungene Veranstaltung, wusste Kreis-Chef Klaus Brand zu berichten: \u201eDie Senioren-Teams aus ganz Deutschland nahmen die unter Sven Obenhaus hervorragend pr\u00e4parierten Anlagen gern an, das Wetter hielt, und die vom Einsatzleiter Axel Offel organisierten 91 Kampfrichter aus der<br \/>\nganzen Region trugen entscheidend dazu bei, dass an allem Wettkampfst\u00e4tten eine tolle Stimmung herrschte. Das war eine Werbung f\u00fcr die Leichtathletik und den Seniorensport!\u201c Das Sch\u00f6n bei so einem Ereignis: Gleich Zwei Teams aus Lippe waren mittendrin und k\u00e4mpften um Zentimeter und Sekunden. In der \u00dc40 hatte sich die Startgemeinschaft Ostwestfalen-Lippe, denen Athleten der heimischen LG, der LG Lippe-S\u00fcd und der TG<br \/>\nHerford angeh\u00f6ren, qualifiziert und lief im \u201eheimischen Stadion\u201c zu gro\u00dfer Form auf.<\/p>\n<p>Nachdem Peter Sjoerds und Michael Striewe gleich 35,35m und 31,43m mit dem Diskus vorgelegt, Cord-Henrik Eickmeier die 800m in 2:10,68min abgeschlossen und Thorsten Sch\u00e4fers und Guido Mertens 1,55 und 1,50m im Hochsprung nachgelegt hatten, fand man sich auf einmal in der Spitzengruppe wieder. Und es ging im Kugelsto\u00df &#8211; u.a. mit 11,13m von Peter Sjoerds &#8211; weiter sowie \u00fcber 100m, wo Jamie Hogdson 12,82s heruntertrommelte.<br \/>\nNach dem Weitsprung von Thorsten Sch\u00e4fers und Joachim Liebig mit 4,86 und 4,74m war man auf einmal auf Bronzekurs. Die letzten beiden Disziplinen mussten entscheiden, und es gelang. \u00dcber 3000m k\u00e4mpften sich Stefan Fromme mit 10:36,19min und Cord-Henrik Eickmeier mit 10:55,51min durch, und die 4x100m-Staffel setzte mit 52,58s den Deckel drauf. Stolz nahmen alle die Bronzemedaille hinter LG Kindelsberg-Kreuztal und der LG<br \/>\nStadtwerke M\u00fcnchen bei der Siegerehrung entgegen.<\/p>\n<p><a href=\"https:\/\/www.sportverband-detmold.de\/wp-content\/uploads\/2022\/09\/IMG_7231.jpeg\"><img loading=\"lazy\" decoding=\"async\" class=\"size-medium wp-image-17258 alignleft\" src=\"https:\/\/www.sportverband-detmold.de\/wp-content\/uploads\/2022\/09\/IMG_7231-300x169.jpeg\" alt=\"\" width=\"300\" height=\"169\" srcset=\"https:\/\/www.sportverband-detmold.de\/wp-content\/uploads\/2022\/09\/IMG_7231-300x169.jpeg 300w, https:\/\/www.sportverband-detmold.de\/wp-content\/uploads\/2022\/09\/IMG_7231-1024x576.jpeg 1024w, https:\/\/www.sportverband-detmold.de\/wp-content\/uploads\/2022\/09\/IMG_7231-768x432.jpeg 768w, https:\/\/www.sportverband-detmold.de\/wp-content\/uploads\/2022\/09\/IMG_7231.jpeg 1280w\" sizes=\"auto, (max-width: 300px) 100vw, 300px\" \/><\/a>Auch die Frauen der LG Lage-Detmold-Bad Salzuflen vertraten die heimischen Farben ausgezeichnet. Nachdem Daniela Kaske-Mehlich und Tina W\u00f6hrmann \u00fcber 100m 14,90s und 15,44s gesprintet waren, und Katjana Quest-Altrogge \u00fcber die 800m 2:43,31min gelaufen war, und Jutta Eickmeier mit 3:01,04min die 3Minuten nur knapp \u00fcbertroffen und Katja Koch mit dem Diskus 24,46m geschafft hatte, brauchte man die 4x100m-Staffel nur<br \/>\nsicher ins Ziel bringen. Das gelang auch mit 59,21s. Damit hatten die Lipperinnen einen guten f\u00fcnften Platz unter den besten Teams von Deutschland hinter den starken Teams TSV Korbach, TSV Friedberg, Stg. Equipe Saar und der Stg Mittel\/Unterfranken sicher gestellt. Weil die Veranstaltung so gut gelungen war, wurde hinterher gleich vom DLV angefragt, ob man nicht im n\u00e4chsten Jahr nicht wieder die Deutschen Senioren-Meisterschaften<br \/>\n\u00fcbernehmen wolle? Dar\u00fcber muss nun allerdings erst in den jeweiligen Gremien entschieden werden.<\/p>\n<p>Die komplette Ergebnisliste unter <a href=\"http:\/\/www.leichtathletik.de\">www.leichtathletik.de<\/a><\/p>\n<p>Gez. Klaus Brand, VKLA<\/p>\n\n\t\t<style>\n\t\t\t#gallery-1 {\n\t\t\t\tmargin: auto;\n\t\t\t}\n\t\t\t#gallery-1 .gallery-item {\n\t\t\t\tfloat: left;\n\t\t\t\tmargin-top: 10px;\n\t\t\t\ttext-align: center;\n\t\t\t\twidth: 50%;\n\t\t\t}\n\t\t\t#gallery-1 img {\n\t\t\t\tborder: 2px solid #cfcfcf;\n\t\t\t}\n\t\t\t#gallery-1 .gallery-caption {\n\t\t\t\tmargin-left: 0;\n\t\t\t}\n\t\t\t\/* see gallery_shortcode() in wp-includes\/media.php *\/\n\t\t<\/style>\n\t\t<div id='gallery-1' class='gallery galleryid-17257 gallery-columns-2 gallery-size-thumbnail'><dl class='gallery-item'>\n\t\t\t<dt class='gallery-icon landscape'>\n\t\t\t\t<a href='https:\/\/www.sportverband-detmold.de\/wp-content\/uploads\/2022\/09\/IMG_7237.jpeg'><img loading=\"lazy\" decoding=\"async\" width=\"150\" height=\"150\" src=\"https:\/\/www.sportverband-detmold.de\/wp-content\/uploads\/2022\/09\/IMG_7237-150x150.jpeg\" class=\"attachment-thumbnail size-thumbnail\" alt=\"\" \/><\/a>\n\t\t\t<\/dt><\/dl><dl class='gallery-item'>\n\t\t\t<dt class='gallery-icon landscape'>\n\t\t\t\t<a href='https:\/\/www.sportverband-detmold.de\/wp-content\/uploads\/2022\/09\/IMG_7233.jpeg'><img loading=\"lazy\" decoding=\"async\" width=\"150\" height=\"150\" src=\"https:\/\/www.sportverband-detmold.de\/wp-content\/uploads\/2022\/09\/IMG_7233-150x150.jpeg\" class=\"attachment-thumbnail size-thumbnail\" alt=\"\" \/><\/a>\n\t\t\t<\/dt><\/dl><br style=\"clear: both\" \/>\n\t\t<\/div>\n\n","protected":false},"excerpt":{"rendered":"<p>Nach Jahren derAbstinenz hatte die LG Lage-Detmold-Bad Salzuflen nun wieder eine deutsche Meisterschaft \u00fcbertragen bekommen, und es wurde eine sehr gelungene Veranstaltung, wusste Kreis-Chef Klaus Brand zu berichten: \u201eDie Senioren-Teams aus ganz Deutschland nahmen&#46;&#46;&#46;<\/p>\n","protected":false},"author":1,"featured_media":17260,"comment_status":"closed","ping_status":"closed","sticky":false,"template":"","format":"standard","meta":{"footnotes":""},"categories":[1],"tags":[],"class_list":["post-17257","post","type-post","status-publish","format-standard","has-post-thumbnail","hentry","category-allgemein"],"_links":{"self":[{"href":"https:\/\/www.sportverband-detmold.de\/index.php?rest_route=\/wp\/v2\/posts\/17257","targetHints":{"allow":["GET"]}}],"collection":[{"href":"https:\/\/www.sportverband-detmold.de\/index.php?rest_route=\/wp\/v2\/posts"}],"about":[{"href":"https:\/\/www.sportverband-detmold.de\/index.php?rest_route=\/wp\/v2\/types\/post"}],"author":[{"embeddable":true,"href":"https:\/\/www.sportverband-detmold.de\/index.php?rest_route=\/wp\/v2\/users\/1"}],"replies":[{"embeddable":true,"href":"https:\/\/www.sportverband-detmold.de\/index.php?rest_route=%2Fwp%2Fv2%2Fcomments&post=17257"}],"version-history":[{"count":2,"href":"https:\/\/www.sportverband-detmold.de\/index.php?rest_route=\/wp\/v2\/posts\/17257\/revisions"}],"predecessor-version":[{"id":17263,"href":"https:\/\/www.sportverband-detmold.de\/index.php?rest_route=\/wp\/v2\/posts\/17257\/revisions\/17263"}],"wp:featuredmedia":[{"embeddable":true,"href":"https:\/\/www.sportverband-detmold.de\/index.php?rest_route=\/wp\/v2\/media\/17260"}],"wp:attachment":[{"href":"https:\/\/www.sportverband-detmold.de\/index.php?rest_route=%2Fwp%2Fv2%2Fmedia&parent=17257"}],"wp:term":[{"taxonomy":"category","embeddable":true,"href":"https:\/\/www.sportverband-detmold.de\/index.php?rest_route=%2Fwp%2Fv2%2Fcategories&post=17257"},{"taxonomy":"post_tag","embeddable":true,"href":"https:\/\/www.sportverband-detmold.de\/index.php?rest_route=%2Fwp%2Fv2%2Ftags&post=17257"}],"curies":[{"name":"wp","href":"https:\/\/api.w.org\/{rel}","templated":true}]}}