{"id":17201,"date":"2022-08-23T19:19:09","date_gmt":"2022-08-23T17:19:09","guid":{"rendered":"https:\/\/www.sportverband-detmold.de\/?p=17201"},"modified":"2022-08-23T19:19:09","modified_gmt":"2022-08-23T17:19:09","slug":"lauffestival-in-der-detmolder-innenstadt","status":"publish","type":"post","link":"https:\/\/www.sportverband-detmold.de\/?p=17201","title":{"rendered":"Lauffestival in der Detmolder Innenstadt"},"content":{"rendered":"<div id=\"attachment_17204\" style=\"width: 310px\" class=\"wp-caption alignright\"><a href=\"https:\/\/www.sportverband-detmold.de\/wp-content\/uploads\/2022\/08\/image004.jpg\"><img loading=\"lazy\" decoding=\"async\" aria-describedby=\"caption-attachment-17204\" class=\"wp-image-17204 size-medium\" src=\"https:\/\/www.sportverband-detmold.de\/wp-content\/uploads\/2022\/08\/image004-300x232.jpg\" alt=\"\" width=\"300\" height=\"232\" srcset=\"https:\/\/www.sportverband-detmold.de\/wp-content\/uploads\/2022\/08\/image004-300x232.jpg 300w, https:\/\/www.sportverband-detmold.de\/wp-content\/uploads\/2022\/08\/image004.jpg 679w\" sizes=\"auto, (max-width: 300px) 100vw, 300px\" \/><\/a><p id=\"caption-attachment-17204\" class=\"wp-caption-text\">Mit Startnummer 2253 Stephanie Strate, mit 599 Ann-Chistin Opitz, weiter von links Mohamed Ahmed Jibril, Peter Pauls, Marcel Voike und Niklas Drunagel<\/p><\/div>\n<p style=\"font-weight: 400;\">Nach zwei Jahren Pause wurde am 20.08.2022 der Detmolder Residenzlauf neu gestartet. 700 L\u00e4uferinnen und L\u00e4ufer gingen \u00fcber sechs L\u00e4ufe an den Start. Carsten Lemm, Vorsitzender des Sportverbandes Detmold freute sich besonders dar\u00fcber, dass die H\u00e4lfte der Teilnehmer Kinder und Jugendliche waren. Damit ging das Konzept der Veranstalter Sportverband und VfL Hiddesen auf, mit einem kostenlosen Start und einer Teilnehmermedaille m\u00f6glichst viele Kinder f\u00fcr den Sport zu begeistern.<\/p>\n<div id=\"attachment_17203\" style=\"width: 310px\" class=\"wp-caption alignleft\"><a href=\"https:\/\/www.sportverband-detmold.de\/wp-content\/uploads\/2022\/08\/image003.jpg\"><img loading=\"lazy\" decoding=\"async\" aria-describedby=\"caption-attachment-17203\" class=\"wp-image-17203 size-medium\" src=\"https:\/\/www.sportverband-detmold.de\/wp-content\/uploads\/2022\/08\/image003-300x194.jpg\" alt=\"\" width=\"300\" height=\"194\" srcset=\"https:\/\/www.sportverband-detmold.de\/wp-content\/uploads\/2022\/08\/image003-300x194.jpg 300w, https:\/\/www.sportverband-detmold.de\/wp-content\/uploads\/2022\/08\/image003.jpg 678w\" sizes=\"auto, (max-width: 300px) 100vw, 300px\" \/><\/a><p id=\"caption-attachment-17203\" class=\"wp-caption-text\">Start des 2,5 km Stadtwerke-Sch\u00fclerlaufes<\/p><\/div>\n<p style=\"font-weight: 400;\">Die Freiligrathschule wurde f\u00fcr ihr besonderes Engagement in diesem Bereich mit dem Friedrich-Brakemeier-Pokal geehrt. Den vielen Zuschauern in der Innenstadt wurde Spitzensport geboten. \u00dcber 10 km wurden Topzeiten gelaufen. So gewann die f\u00fcr den SV Brackwede startende Detmolderin Stephanie Strate in 35:46 Minuten. Elias Sansar von der LG Lage-Detmold-Bad Salzuflen blieb sogar unter 32 Minuten und gewann in 31:55 Minuten. Das Landestheater Detmold bewies mit einer gro\u00dfen Mannschaft, dass es nicht nur k\u00fcnstlerisch Spitze ist. Herauszuheben ist das starke Engagement des Teams der Stadtwerke Detmold, die mit Detmolder Trinkwasser den Durst der Sportler l\u00f6schten.<br \/>\nIm n\u00e4chsten Jahr findet der Residenzlauf in seiner 30igsten Auflage statt. Termin ist der 19.08.2023.<\/p>\n<p style=\"font-weight: 400;\">Weitere Ergebnisse: <a href=\"http:\/\/www.detmolder-residenzlauf.de\/\" data-saferedirecturl=\"https:\/\/www.google.com\/url?q=http:\/\/www.detmolder-residenzlauf.de&amp;source=gmail&amp;ust=1661323448581000&amp;usg=AOvVaw1KbGn4z0xQfGcxkWybD8SX\">www.detmolder-residenzlauf.de<\/a><\/p>\n","protected":false},"excerpt":{"rendered":"<p>Nach zwei Jahren Pause wurde am 20.08.2022 der Detmolder Residenzlauf neu gestartet. 700 L\u00e4uferinnen und L\u00e4ufer gingen \u00fcber sechs L\u00e4ufe an den Start. Carsten Lemm, Vorsitzender des Sportverbandes Detmold freute sich besonders dar\u00fcber, dass&#46;&#46;&#46;<\/p>\n","protected":false},"author":1,"featured_media":17204,"comment_status":"closed","ping_status":"closed","sticky":false,"template":"","format":"standard","meta":{"footnotes":""},"categories":[1],"tags":[],"class_list":["post-17201","post","type-post","status-publish","format-standard","has-post-thumbnail","hentry","category-allgemein"],"_links":{"self":[{"href":"https:\/\/www.sportverband-detmold.de\/index.php?rest_route=\/wp\/v2\/posts\/17201","targetHints":{"allow":["GET"]}}],"collection":[{"href":"https:\/\/www.sportverband-detmold.de\/index.php?rest_route=\/wp\/v2\/posts"}],"about":[{"href":"https:\/\/www.sportverband-detmold.de\/index.php?rest_route=\/wp\/v2\/types\/post"}],"author":[{"embeddable":true,"href":"https:\/\/www.sportverband-detmold.de\/index.php?rest_route=\/wp\/v2\/users\/1"}],"replies":[{"embeddable":true,"href":"https:\/\/www.sportverband-detmold.de\/index.php?rest_route=%2Fwp%2Fv2%2Fcomments&post=17201"}],"version-history":[{"count":2,"href":"https:\/\/www.sportverband-detmold.de\/index.php?rest_route=\/wp\/v2\/posts\/17201\/revisions"}],"predecessor-version":[{"id":17206,"href":"https:\/\/www.sportverband-detmold.de\/index.php?rest_route=\/wp\/v2\/posts\/17201\/revisions\/17206"}],"wp:featuredmedia":[{"embeddable":true,"href":"https:\/\/www.sportverband-detmold.de\/index.php?rest_route=\/wp\/v2\/media\/17204"}],"wp:attachment":[{"href":"https:\/\/www.sportverband-detmold.de\/index.php?rest_route=%2Fwp%2Fv2%2Fmedia&parent=17201"}],"wp:term":[{"taxonomy":"category","embeddable":true,"href":"https:\/\/www.sportverband-detmold.de\/index.php?rest_route=%2Fwp%2Fv2%2Fcategories&post=17201"},{"taxonomy":"post_tag","embeddable":true,"href":"https:\/\/www.sportverband-detmold.de\/index.php?rest_route=%2Fwp%2Fv2%2Ftags&post=17201"}],"curies":[{"name":"wp","href":"https:\/\/api.w.org\/{rel}","templated":true}]}}