{"id":17014,"date":"2022-06-15T09:36:55","date_gmt":"2022-06-15T07:36:55","guid":{"rendered":"https:\/\/www.sportverband-detmold.de\/?p=17014"},"modified":"2022-06-15T09:37:25","modified_gmt":"2022-06-15T07:37:25","slug":"geraetturnen-erster-bundesweiter-wettkampf-im-weiblichen-nachwuchsbereich-gelungen","status":"publish","type":"post","link":"https:\/\/www.sportverband-detmold.de\/?p=17014","title":{"rendered":"Ger\u00e4tturnen: Erster bundesweiter Wettkampf im weiblichen Nachwuchsbereich gelungen"},"content":{"rendered":"<p><a href=\"https:\/\/www.sportverband-detmold.de\/wp-content\/uploads\/2022\/06\/DSC04743.jpg\"><img loading=\"lazy\" decoding=\"async\" class=\"size-medium wp-image-17018 alignright\" src=\"https:\/\/www.sportverband-detmold.de\/wp-content\/uploads\/2022\/06\/DSC04743-300x201.jpg\" alt=\"\" width=\"300\" height=\"201\" srcset=\"https:\/\/www.sportverband-detmold.de\/wp-content\/uploads\/2022\/06\/DSC04743-300x201.jpg 300w, https:\/\/www.sportverband-detmold.de\/wp-content\/uploads\/2022\/06\/DSC04743-1024x685.jpg 1024w, https:\/\/www.sportverband-detmold.de\/wp-content\/uploads\/2022\/06\/DSC04743-768x514.jpg 768w, https:\/\/www.sportverband-detmold.de\/wp-content\/uploads\/2022\/06\/DSC04743-1536x1028.jpg 1536w, https:\/\/www.sportverband-detmold.de\/wp-content\/uploads\/2022\/06\/DSC04743-2048x1370.jpg 2048w\" sizes=\"auto, (max-width: 300px) 100vw, 300px\" \/><\/a>\u201eEndlich ist es wieder soweit: Wir treffen uns in Dortmund zu einem nationalen\u00a0Turnereignis, das nicht durch Corona-Auflagen dominiert wird. Es sind wieder\u00a0Zuschauer erlaubt und die zurzeit noch g\u00fcltigen Hygieneauflagen geh\u00f6ren zu<br \/>\nunseren Alltagsabl\u00e4ufen.\u201c So begr\u00fc\u00dfte der Pr\u00e4sident der Dortmunder Turngemeinde,\u00a0Manfred Hagedorn, am 11.\/12. Juni insgesamt 120 Nachwuchsturnerinnen aus den\u00a0Turn-Talent-Schulen des Deutschen Turner-Bundes, die sich f\u00fcr diese erste<br \/>\nBestandsaufnahme qualifiziert hatten. Galt es doch festzustellen, \u201ewie die nationalen\u00a0Turnregionen die schwierigen Herausforderungen der letzten Jahre bew\u00e4ltigt haben\u00a0und darauf brennen, endlich wieder unter normalen Bedingungen ihr K\u00f6nnen zu\u00a0zeigen\u201c. Und das konnte sich sehr zur Freude den Bundesnachwuchstrainerin\u00a0Claudia Schunk sehen lassen.<\/p>\n<p>Das galt auch f\u00fcr die Talente der Detmolder Turntalentschule. In der Altersklassen 10\u00a0war es Melina Gerlach, die bei ihrem ersten Start auf Bundesebene unter den 41\u00a0angetretenen Konkurrentinnen einen starken 14. Platz erreichte. Wobei sie vor allem\u00a0am Sprung und Balken zu \u00fcberzeugen wusste. In der Altersklasse 11 gingen mit\u00a0Liana Keil, Lina R\u00f6ckemann und Zoe Lang gleich drei Detmolderinnen auf\u00a0Punktejagd. Am erfolgreichsten war dabei Liana, die mit 64,500 Punkten nicht nur zur\u00a0den TOP-Ten-Platzierten geh\u00f6rte, sondern mit dieser Punktzahl auch vorzeitig die\u00a0Kadernormierung f\u00fcr 2023 schaffte. Lina und Zoe zeigten gute Ans\u00e4tze, konnten ihr<br \/>\nPotenzial aber noch nicht an allen Ger\u00e4ten abrufen.\u00a0Insgesamt beurteilte Michael Gruhl das Abschneiden seiner Sch\u00fctzlinge wie folgt:\u00a0\u201eTrotz einiger Fehler haben sich unsere Talente bundesweit gut eingeordnet und\u00a0bewiesen, dass sie die Herausforderungen des neuen Wettkampfprogramms, das\u00a0erst seit Beginn des Jahres vorliegt, gr\u00f6\u00dftenteils schon beherrschen. Jetzt hei\u00dft es,\u00a0weiter konsequent an den Grundlagen im athletischen und technisch-koordinativen<br \/>\nBereich zu arbeiten, um die Kadernormen bei den n\u00e4chsten Wettk\u00e4mpfen in der\u00a0zweiten Jahresh\u00e4lfte knacken zu k\u00f6nnen.\u201c<\/p>\n<p>So sieht es auch die Bundesnachwuchstrainerin, die sich \u00fcber das breite\u00a0Talentpotenzial freute und die Aktiven f\u00fcr ihre gezeigten Leistungen mit den Worten\u00a0lobte: \u201eM\u00e4dels, das habt ihr schon gut gemacht. Macht weiter so.\u201c<\/p>\n\n\t\t<style>\n\t\t\t#gallery-1 {\n\t\t\t\tmargin: auto;\n\t\t\t}\n\t\t\t#gallery-1 .gallery-item {\n\t\t\t\tfloat: left;\n\t\t\t\tmargin-top: 10px;\n\t\t\t\ttext-align: center;\n\t\t\t\twidth: 33%;\n\t\t\t}\n\t\t\t#gallery-1 img {\n\t\t\t\tborder: 2px solid #cfcfcf;\n\t\t\t}\n\t\t\t#gallery-1 .gallery-caption {\n\t\t\t\tmargin-left: 0;\n\t\t\t}\n\t\t\t\/* see gallery_shortcode() in wp-includes\/media.php *\/\n\t\t<\/style>\n\t\t<div id='gallery-1' class='gallery galleryid-17014 gallery-columns-3 gallery-size-thumbnail'><dl class='gallery-item'>\n\t\t\t<dt class='gallery-icon landscape'>\n\t\t\t\t<a href='https:\/\/www.sportverband-detmold.de\/wp-content\/uploads\/2022\/06\/DSC04726.jpg'><img loading=\"lazy\" decoding=\"async\" width=\"150\" height=\"150\" src=\"https:\/\/www.sportverband-detmold.de\/wp-content\/uploads\/2022\/06\/DSC04726-150x150.jpg\" class=\"attachment-thumbnail size-thumbnail\" alt=\"\" \/><\/a>\n\t\t\t<\/dt><\/dl><dl class='gallery-item'>\n\t\t\t<dt class='gallery-icon landscape'>\n\t\t\t\t<a href='https:\/\/www.sportverband-detmold.de\/wp-content\/uploads\/2022\/06\/DSC04720.jpg'><img loading=\"lazy\" decoding=\"async\" width=\"150\" height=\"150\" src=\"https:\/\/www.sportverband-detmold.de\/wp-content\/uploads\/2022\/06\/DSC04720-150x150.jpg\" class=\"attachment-thumbnail size-thumbnail\" alt=\"\" \/><\/a>\n\t\t\t<\/dt><\/dl><dl class='gallery-item'>\n\t\t\t<dt class='gallery-icon landscape'>\n\t\t\t\t<a href='https:\/\/www.sportverband-detmold.de\/wp-content\/uploads\/2022\/06\/DSC04684.jpg'><img loading=\"lazy\" decoding=\"async\" width=\"150\" height=\"150\" src=\"https:\/\/www.sportverband-detmold.de\/wp-content\/uploads\/2022\/06\/DSC04684-150x150.jpg\" class=\"attachment-thumbnail size-thumbnail\" alt=\"\" \/><\/a>\n\t\t\t<\/dt><\/dl><br style=\"clear: both\" \/>\n\t\t<\/div>\n\n","protected":false},"excerpt":{"rendered":"<p>\u201eEndlich ist es wieder soweit: Wir treffen uns in Dortmund zu einem nationalen\u00a0Turnereignis, das nicht durch Corona-Auflagen dominiert wird. Es sind wieder\u00a0Zuschauer erlaubt und die zurzeit noch g\u00fcltigen Hygieneauflagen geh\u00f6ren zu unseren Alltagsabl\u00e4ufen.\u201c So&#46;&#46;&#46;<\/p>\n","protected":false},"author":1,"featured_media":17018,"comment_status":"closed","ping_status":"closed","sticky":false,"template":"","format":"standard","meta":{"footnotes":""},"categories":[1],"tags":[],"class_list":["post-17014","post","type-post","status-publish","format-standard","has-post-thumbnail","hentry","category-allgemein"],"_links":{"self":[{"href":"https:\/\/www.sportverband-detmold.de\/index.php?rest_route=\/wp\/v2\/posts\/17014","targetHints":{"allow":["GET"]}}],"collection":[{"href":"https:\/\/www.sportverband-detmold.de\/index.php?rest_route=\/wp\/v2\/posts"}],"about":[{"href":"https:\/\/www.sportverband-detmold.de\/index.php?rest_route=\/wp\/v2\/types\/post"}],"author":[{"embeddable":true,"href":"https:\/\/www.sportverband-detmold.de\/index.php?rest_route=\/wp\/v2\/users\/1"}],"replies":[{"embeddable":true,"href":"https:\/\/www.sportverband-detmold.de\/index.php?rest_route=%2Fwp%2Fv2%2Fcomments&post=17014"}],"version-history":[{"count":3,"href":"https:\/\/www.sportverband-detmold.de\/index.php?rest_route=\/wp\/v2\/posts\/17014\/revisions"}],"predecessor-version":[{"id":17020,"href":"https:\/\/www.sportverband-detmold.de\/index.php?rest_route=\/wp\/v2\/posts\/17014\/revisions\/17020"}],"wp:featuredmedia":[{"embeddable":true,"href":"https:\/\/www.sportverband-detmold.de\/index.php?rest_route=\/wp\/v2\/media\/17018"}],"wp:attachment":[{"href":"https:\/\/www.sportverband-detmold.de\/index.php?rest_route=%2Fwp%2Fv2%2Fmedia&parent=17014"}],"wp:term":[{"taxonomy":"category","embeddable":true,"href":"https:\/\/www.sportverband-detmold.de\/index.php?rest_route=%2Fwp%2Fv2%2Fcategories&post=17014"},{"taxonomy":"post_tag","embeddable":true,"href":"https:\/\/www.sportverband-detmold.de\/index.php?rest_route=%2Fwp%2Fv2%2Ftags&post=17014"}],"curies":[{"name":"wp","href":"https:\/\/api.w.org\/{rel}","templated":true}]}}