{"id":16945,"date":"2022-05-24T07:26:53","date_gmt":"2022-05-24T05:26:53","guid":{"rendered":"https:\/\/www.sportverband-detmold.de\/?p=16945"},"modified":"2022-05-24T07:26:53","modified_gmt":"2022-05-24T05:26:53","slug":"mehrkampf-hochburg-lippe-sued-ueberzeugt-in-lage","status":"publish","type":"post","link":"https:\/\/www.sportverband-detmold.de\/?p=16945","title":{"rendered":"Mehrkampf-Hochburg Lippe-S\u00fcd \u00fcberzeugt in Lage"},"content":{"rendered":"<p><a href=\"https:\/\/www.sportverband-detmold.de\/wp-content\/uploads\/2022\/05\/IMG_7066.jpeg\"><img loading=\"lazy\" decoding=\"async\" class=\"alignright size-medium wp-image-16948\" src=\"https:\/\/www.sportverband-detmold.de\/wp-content\/uploads\/2022\/05\/IMG_7066-300x169.jpeg\" alt=\"\" width=\"300\" height=\"169\" srcset=\"https:\/\/www.sportverband-detmold.de\/wp-content\/uploads\/2022\/05\/IMG_7066-300x169.jpeg 300w, https:\/\/www.sportverband-detmold.de\/wp-content\/uploads\/2022\/05\/IMG_7066-1024x576.jpeg 1024w, https:\/\/www.sportverband-detmold.de\/wp-content\/uploads\/2022\/05\/IMG_7066-768x432.jpeg 768w, https:\/\/www.sportverband-detmold.de\/wp-content\/uploads\/2022\/05\/IMG_7066.jpeg 1280w\" sizes=\"auto, (max-width: 300px) 100vw, 300px\" \/><\/a>Zwei Erkenntnisse aus lippischer Sicht wurden bei den zweit\u00e4gigen NRW- \u00a0Mehrkampfmeisterschaften in Lage deutlich: Zum einen wurde die LG Lage-Detmold-Bad\u00a0Salzuflen unter Sven Obenhaus wieder einmal ihrem Ruf gerecht, ein guter Gastgeber f\u00fcr gro\u00dfe\u00a0Veranstaltungen zu sein, denn hervorragend pr\u00e4parierte Wettkampfanlagen und ebenso\u00a0arbeitende lippische Kampfrichterteams sorgten f\u00fcr einen stimmungsvollen Rahmen f\u00fcr die besten\u00a0Mehrk\u00e4mpfer des Landes. Zum anderen best\u00e4tigte die LG Lippe-S\u00fcd ihre Bedeutung als\u00a0Mehrkampf-Hochburg im Lande, denn neben zwei Meistertiteln wurden weitere vier Platzierungen\u00a0unter den besten Acht geschafft. Und das, obwohl durch Abitur und Verletzungen die M\u00e4nner- und\u00a0die U20-Mannschaft nicht einmal an den Start gehen konnten.<\/p>\n<p><a href=\"https:\/\/www.sportverband-detmold.de\/wp-content\/uploads\/2022\/05\/IMG_7063.jpeg\"><img loading=\"lazy\" decoding=\"async\" class=\"alignleft size-medium wp-image-16946\" src=\"https:\/\/www.sportverband-detmold.de\/wp-content\/uploads\/2022\/05\/IMG_7063-300x169.jpeg\" alt=\"\" width=\"300\" height=\"169\" srcset=\"https:\/\/www.sportverband-detmold.de\/wp-content\/uploads\/2022\/05\/IMG_7063-300x169.jpeg 300w, https:\/\/www.sportverband-detmold.de\/wp-content\/uploads\/2022\/05\/IMG_7063-1024x576.jpeg 1024w, https:\/\/www.sportverband-detmold.de\/wp-content\/uploads\/2022\/05\/IMG_7063-768x432.jpeg 768w, https:\/\/www.sportverband-detmold.de\/wp-content\/uploads\/2022\/05\/IMG_7063.jpeg 1280w\" sizes=\"auto, (max-width: 300px) 100vw, 300px\" \/><\/a>Zum \u201eK\u00f6nig der U18-Athleten\u201c &#8211; n\u00e4mlich im Zehnkampf &#8211; wurde als Sch\u00fctzling von Trainer Marco\u00a0M\u00fcllers der Diestelbrucher Till Morawietz. Nach starken Leistungen am ersten Tag mit 11,40s \u00fcber\u00a0100m, einem 6,47m-Weitsprung, einem 13,56m-Kugelsto\u00df, einem Stabhochsprung \u00fcber 3,10m\u00a0und 54,09s \u00fcber 400m setzte er sich bereits nach f\u00fcnf Disziplinen an die Spitze. Die Position\u00a0geriet zwar am zweiten Tag durch vorsichtig gelaufene H\u00fcrden und durch \u201enur\u201c 1,72m im\u00a0Hochsprung in Gefahr, doch 35,60m und 42,62m im Diskus- und Speerwurf und 5:11,87m bis zur\u00a0Ersch\u00f6pfung \u00fcber 1500m ergaben unter dem Strich 5823 Punkte, was zum Meistertitel mit klarem\u00a0Vorsprung vor Marcel Reiff (Gladbeck) reichte. Gleich hinter diesen beiden auf dem Bronzeplatz\u00a0schaffte es Ole Herlemann aus W\u00f6bbel mit 5630 Punkten. Klasse seine Zeit \u00fcber die\u00a0110mH\u00fcrden, die gleichzeitig die Qualifikation f\u00fcr die deutschen Einzelmeisterschaften bedeutet.<\/p>\n<p><a href=\"https:\/\/www.sportverband-detmold.de\/wp-content\/uploads\/2022\/05\/IMG_7065.jpeg\"><img loading=\"lazy\" decoding=\"async\" class=\"alignright size-medium wp-image-16947\" src=\"https:\/\/www.sportverband-detmold.de\/wp-content\/uploads\/2022\/05\/IMG_7065-300x169.jpeg\" alt=\"\" width=\"300\" height=\"169\" srcset=\"https:\/\/www.sportverband-detmold.de\/wp-content\/uploads\/2022\/05\/IMG_7065-300x169.jpeg 300w, https:\/\/www.sportverband-detmold.de\/wp-content\/uploads\/2022\/05\/IMG_7065-1024x576.jpeg 1024w, https:\/\/www.sportverband-detmold.de\/wp-content\/uploads\/2022\/05\/IMG_7065-768x432.jpeg 768w, https:\/\/www.sportverband-detmold.de\/wp-content\/uploads\/2022\/05\/IMG_7065.jpeg 1280w\" sizes=\"auto, (max-width: 300px) 100vw, 300px\" \/><\/a>Aber auch die 11,72s \u00fcber 100m, der Weitsprung \u00fcber 6,03m, der Hochsprung \u00fcber 1,78m, die\u00a054,32s \u00fcber 400m oder die 3,30m im Stabhochsprung und eine Leistung \u00fcber 1500m bis \u201e\u00fcber die\u00a0Grenze\u201c zeigen, dass er diesen Platz verdient hat. Wie sehr die Lippe-S\u00fcd-Jungen in dieser\u00a0Altersklasse pr\u00e4sent waren, macht noch Platz 8 f\u00fcr Gerrit Sch\u00e4fers aus Feldrom deutlich. Unter\u00a0anderem seine 12,31s \u00fcber 100m, seine 17,18s \u00fcber die H\u00fcrden, 38,04m mit dem Speer und mit<br \/>\n5:08,74min als drittbeste Zeit des Tages summierten sich auf 4941 Punkte. Alle drei Jungen\u00a0wurden dann auch folgerichtig als NRW-Mannschaftsmeister mit 16394 Punkten geehrt.\u00a0Als einzig verbliebender Athlet in der U20-Klasse hatte es Manuel David als Holzhausen in einer\u00a0starken Konkurrenz schwer &#8211; u.a. mit der nationalen Spitzenklasse von Simon B\u00fcthe. Aber Manuel\u00a0k\u00e4mpfte vorbildlich, legte mit 11,61s \u00fcber 100m gleich eine starke Zeit vor, musste beim<br \/>\nHochsprung durch eine Fu\u00dfverletzung bei 1,67m passen und legte dann nur noch pers\u00f6nliche\u00a0Bestleistungen hin, von 56,30s \u00fcber 400m \u00fcber 41,44m im Speerwurf bis hin zu hervorragenden\u00a03,60m im Stabhochsprung. 5158 Punkte bedeuteten Platz 5 in NRW mit einer Steigerung um \u00fcber\u00a0400 Punkten.<\/p>\n<p>In M15 hatte Lasse Westphal aus Heesten im Neunkampf seinen ersten gro\u00dfen Wettkampf zu\u00a0bestehen, doch u.a. 5,06m im Weitsprung, 12,91s \u00fcber 80mH\u00fcrden oder 34,50m mit dem Speer<br \/>\nbrachten ihm 4097 Punkte und Platz 8.\u00a0Wie sehr in der LG Lippe-S\u00fcd der Mehrkampf \u201egelebt\u201c wird, zeigt auch die Unterst\u00fctzung des\u00a0\u201eFan-Clubs\u201c von Eltern, Vorstand und Vereinskameraden. Alle sorgten \u00fcber zwei Tage f\u00fcr viel\u00a0R\u00fcckenst\u00e4rkung bis zur Siegerehrung (Foto).<\/p>\n<p>Die komplette Ergebnisliste unter www.flvw.de\/Termindatenbank<\/p>\n<p>Gez. Klaus Brand, VKLA<\/p>\n","protected":false},"excerpt":{"rendered":"<p>Zwei Erkenntnisse aus lippischer Sicht wurden bei den zweit\u00e4gigen NRW- \u00a0Mehrkampfmeisterschaften in Lage deutlich: Zum einen wurde die LG Lage-Detmold-Bad\u00a0Salzuflen unter Sven Obenhaus wieder einmal ihrem Ruf gerecht, ein guter Gastgeber f\u00fcr gro\u00dfe\u00a0Veranstaltungen zu&#46;&#46;&#46;<\/p>\n","protected":false},"author":1,"featured_media":16948,"comment_status":"closed","ping_status":"closed","sticky":false,"template":"","format":"standard","meta":{"footnotes":""},"categories":[1],"tags":[],"class_list":["post-16945","post","type-post","status-publish","format-standard","has-post-thumbnail","hentry","category-allgemein"],"_links":{"self":[{"href":"https:\/\/www.sportverband-detmold.de\/index.php?rest_route=\/wp\/v2\/posts\/16945","targetHints":{"allow":["GET"]}}],"collection":[{"href":"https:\/\/www.sportverband-detmold.de\/index.php?rest_route=\/wp\/v2\/posts"}],"about":[{"href":"https:\/\/www.sportverband-detmold.de\/index.php?rest_route=\/wp\/v2\/types\/post"}],"author":[{"embeddable":true,"href":"https:\/\/www.sportverband-detmold.de\/index.php?rest_route=\/wp\/v2\/users\/1"}],"replies":[{"embeddable":true,"href":"https:\/\/www.sportverband-detmold.de\/index.php?rest_route=%2Fwp%2Fv2%2Fcomments&post=16945"}],"version-history":[{"count":3,"href":"https:\/\/www.sportverband-detmold.de\/index.php?rest_route=\/wp\/v2\/posts\/16945\/revisions"}],"predecessor-version":[{"id":16951,"href":"https:\/\/www.sportverband-detmold.de\/index.php?rest_route=\/wp\/v2\/posts\/16945\/revisions\/16951"}],"wp:featuredmedia":[{"embeddable":true,"href":"https:\/\/www.sportverband-detmold.de\/index.php?rest_route=\/wp\/v2\/media\/16948"}],"wp:attachment":[{"href":"https:\/\/www.sportverband-detmold.de\/index.php?rest_route=%2Fwp%2Fv2%2Fmedia&parent=16945"}],"wp:term":[{"taxonomy":"category","embeddable":true,"href":"https:\/\/www.sportverband-detmold.de\/index.php?rest_route=%2Fwp%2Fv2%2Fcategories&post=16945"},{"taxonomy":"post_tag","embeddable":true,"href":"https:\/\/www.sportverband-detmold.de\/index.php?rest_route=%2Fwp%2Fv2%2Ftags&post=16945"}],"curies":[{"name":"wp","href":"https:\/\/api.w.org\/{rel}","templated":true}]}}