{"id":16938,"date":"2022-05-24T07:21:41","date_gmt":"2022-05-24T05:21:41","guid":{"rendered":"https:\/\/www.sportverband-detmold.de\/?p=16938"},"modified":"2022-05-24T07:21:41","modified_gmt":"2022-05-24T05:21:41","slug":"fachtagung-kinderturnen-anmeldung-geoeffnet","status":"publish","type":"post","link":"https:\/\/www.sportverband-detmold.de\/?p=16938","title":{"rendered":"Fachtagung Kinderturnen \u2013 Anmeldung ge\u00f6ffnet!"},"content":{"rendered":"<p style=\"font-weight: 400;\"><a href=\"https:\/\/www.sportverband-detmold.de\/wp-content\/uploads\/2022\/05\/2022-Fachtagung_Postkarte-Titel-Druck.png\"><img loading=\"lazy\" decoding=\"async\" class=\"alignright size-medium wp-image-16939\" src=\"https:\/\/www.sportverband-detmold.de\/wp-content\/uploads\/2022\/05\/2022-Fachtagung_Postkarte-Titel-Druck-214x300.png\" alt=\"\" width=\"214\" height=\"300\" srcset=\"https:\/\/www.sportverband-detmold.de\/wp-content\/uploads\/2022\/05\/2022-Fachtagung_Postkarte-Titel-Druck-214x300.png 214w, https:\/\/www.sportverband-detmold.de\/wp-content\/uploads\/2022\/05\/2022-Fachtagung_Postkarte-Titel-Druck.png 404w\" sizes=\"auto, (max-width: 214px) 100vw, 214px\" \/><\/a>Nach zwei Jahren Pause kehrt vom 20. &#8211; 21. August die Fachtagung Kinderturnen in die Landesturnschule Oberwerries (Hamm, Westfalen) zur\u00fcck. Die Westf\u00e4lische Turnerjugend hei\u00dft dann alle Interessierten rund um das Kinderturnen herzlich willkommen. Ob als Erzieher*in einer (Bewegungs-)Kita, Lehrkraft in der Schule im AG-Bereich oder nach Stundentafel aber auch als Leitung der Ger\u00e4tturngruppe und nat\u00fcrlich nicht zuletzt eines Kinderturn-Angebots \u2013 Ihr werdet bei der gebotenen Vielfalt die Qual der Wahl haben! Alle Teilnehmenden am Samstag werden Teil von etwas Neuem sein: Ihr seid mittendrin in einem interaktiven Live-Podcast und tauscht Euch mit Vanessa und Elias \u00fcber die Welt des Kinderturnens aus.<\/p>\n<p style=\"font-weight: 400;\">Bei den \u00fcber 40 Workshops von 20 Referierenden ist es anschlie\u00dfend m\u00f6glich, individuell einen Schwerpunkt wie Gesundheitsf\u00f6rderung oder motorische Grundlagenf\u00f6rderung sowie auch Turnmethodik zu vertiefen. Wer nur eine bestimmte Zielgruppe wie Kindergarten- oder Grundschulkinder im Auge hat, kann sich seinen pers\u00f6nlichen Fortbildungskalender auch unter diesem Aspekt zusammenstellen. \u00dcbernachtungspl\u00e4tze sind ebenfalls vorhanden &#8211; allerdings, wie auch die Workshops, nur in begrenzter Anzahl!<\/p>\n<p style=\"font-weight: 400;\"><a href=\"https:\/\/www.sportverband-detmold.de\/wp-content\/uploads\/2022\/05\/2022-Fachtagung_Postkarte-Rueckseite-Druck.png\"><img loading=\"lazy\" decoding=\"async\" class=\"alignleft size-medium wp-image-16941\" src=\"https:\/\/www.sportverband-detmold.de\/wp-content\/uploads\/2022\/05\/2022-Fachtagung_Postkarte-Rueckseite-Druck-214x300.png\" alt=\"\" width=\"214\" height=\"300\" srcset=\"https:\/\/www.sportverband-detmold.de\/wp-content\/uploads\/2022\/05\/2022-Fachtagung_Postkarte-Rueckseite-Druck-214x300.png 214w, https:\/\/www.sportverband-detmold.de\/wp-content\/uploads\/2022\/05\/2022-Fachtagung_Postkarte-Rueckseite-Druck.png 404w\" sizes=\"auto, (max-width: 214px) 100vw, 214px\" \/><\/a>Die Fachtagung ist mit bis zu 16 Lerneinheiten (LE) zur Lizenzverl\u00e4ngerung anerkannt. Einen Fr\u00fchbucherrabatt gibt es bis zum 15. Juni!<\/p>\n<p style=\"font-weight: 400;\">Heike Offermann, Vorsitzende der WTJ: \u201eIch w\u00fcnsche allen Beteiligten ein gutes Gelingen, spannende Workshops und gute Gespr\u00e4che. Genie\u00dft das Schloss-Ambiente und viel Spa\u00df bei der Umsetzung der Inhalte in euren Gruppen zuhause!\u201c<\/p>\n<p style=\"font-weight: 400;\">\n<p>&nbsp;<\/p>\n<p>&nbsp;<\/p>\n<p style=\"font-weight: 400;\"><strong>Infos\/Anmeldung<\/strong><br \/>\nAlle Infos rund um die Fachtagung findet Ihr auch im\u00a0<u><a href=\"https:\/\/wtj.wtb.de\/download\/category\/4-fachtagung-kinderturnen.html\" data-saferedirecturl=\"https:\/\/www.google.com\/url?hl=de&amp;q=https:\/\/wtj.wtb.de\/download\/category\/4-fachtagung-kinderturnen.html&amp;source=gmail&amp;ust=1653455855853000&amp;usg=AOvVaw3qGA2VJDgyOm0TyOLzPczL\">Download Fachtagung Kinderturnen<\/a><\/u>\u00a0(inkl. Brosch\u00fcre, extra \u00dcbersichten f\u00fcr die Tage und schriftlichem Anmeldebogen). Zu der Online-Anmeldung geht es unter <a href=\"http:\/\/events.dtb-gymnet.de\/\" data-saferedirecturl=\"https:\/\/www.google.com\/url?hl=de&amp;q=http:\/\/events.dtb-gymnet.de&amp;source=gmail&amp;ust=1653455855853000&amp;usg=AOvVaw1TfU3wK4m12xA5aLyPnUxS\">events.dtb-gymnet.de<\/a> (bei Stichwort\/Eventnummer 22620100 eingeben) oder\u00a0direkt\u00a0<u><a href=\"https:\/\/t1p.de\/spz00\" data-saferedirecturl=\"https:\/\/www.google.com\/url?hl=de&amp;q=https:\/\/t1p.de\/spz00&amp;source=gmail&amp;ust=1653455855853000&amp;usg=AOvVaw3JNxn_3LvVTT_BaIc_3ynj\">https:\/\/t1p.de\/spz00<\/a><\/u>\u00a0sowie \u00fcber den Scan des QR-Codes.<\/p>\n<p><a href=\"https:\/\/www.sportverband-detmold.de\/wp-content\/uploads\/2022\/05\/unnamed.jpg\"><img loading=\"lazy\" decoding=\"async\" class=\"alignleft size-full wp-image-16940\" src=\"https:\/\/www.sportverband-detmold.de\/wp-content\/uploads\/2022\/05\/unnamed.jpg\" alt=\"\" width=\"144\" height=\"144\" \/><\/a><\/p>\n<p style=\"font-weight: 400;\">\n<p>&nbsp;<\/p>\n<p>&nbsp;<\/p>\n<p>&nbsp;<\/p>\n<p style=\"font-weight: 400;\"><strong>Fachtagung Kinderturnen | 20.-21.8.2022 | Landesturnschule Oberwerries<\/strong><\/p>\n<p style=\"font-weight: 400;\">Informationen und Anmeldem\u00f6glichkeit gibt es unter <a href=\"https:\/\/events.dtb-gymnet.de\/\" data-saferedirecturl=\"https:\/\/www.google.com\/url?hl=de&amp;q=https:\/\/events.dtb-gymnet.de\/&amp;source=gmail&amp;ust=1653455855853000&amp;usg=AOvVaw0KQFhhcrtm4SacOpTfoMox\">events.dtb-gymnet.de<\/a> Stichwort 22620100 oder <a href=\"http:\/\/t1p.de\/spz00\" data-saferedirecturl=\"https:\/\/www.google.com\/url?hl=de&amp;q=http:\/\/t1p.de\/spz00&amp;source=gmail&amp;ust=1653455855853000&amp;usg=AOvVaw15TOyHjSGhxZLb5l_kuiyu\">hier<\/a><\/p>\n<p style=\"font-weight: 400;\"><strong>\u00a0<\/strong><\/p>\n<p style=\"font-weight: 400;\"><strong>\u00a0<\/strong><strong>Sportliche Gr\u00fc\u00dfe<\/strong><\/p>\n<p style=\"font-weight: 400;\"><strong>Julia B\u00f6ger<\/strong><\/p>\n<p style=\"font-weight: 400;\">Vereinsregister Hamm, VR 609<\/p>\n","protected":false},"excerpt":{"rendered":"<p>Nach zwei Jahren Pause kehrt vom 20. &#8211; 21. August die Fachtagung Kinderturnen in die Landesturnschule Oberwerries (Hamm, Westfalen) zur\u00fcck. Die Westf\u00e4lische Turnerjugend hei\u00dft dann alle Interessierten rund um das Kinderturnen herzlich willkommen. Ob&#46;&#46;&#46;<\/p>\n","protected":false},"author":1,"featured_media":16939,"comment_status":"closed","ping_status":"closed","sticky":false,"template":"","format":"standard","meta":{"footnotes":""},"categories":[1],"tags":[],"class_list":["post-16938","post","type-post","status-publish","format-standard","has-post-thumbnail","hentry","category-allgemein"],"_links":{"self":[{"href":"https:\/\/www.sportverband-detmold.de\/index.php?rest_route=\/wp\/v2\/posts\/16938","targetHints":{"allow":["GET"]}}],"collection":[{"href":"https:\/\/www.sportverband-detmold.de\/index.php?rest_route=\/wp\/v2\/posts"}],"about":[{"href":"https:\/\/www.sportverband-detmold.de\/index.php?rest_route=\/wp\/v2\/types\/post"}],"author":[{"embeddable":true,"href":"https:\/\/www.sportverband-detmold.de\/index.php?rest_route=\/wp\/v2\/users\/1"}],"replies":[{"embeddable":true,"href":"https:\/\/www.sportverband-detmold.de\/index.php?rest_route=%2Fwp%2Fv2%2Fcomments&post=16938"}],"version-history":[{"count":3,"href":"https:\/\/www.sportverband-detmold.de\/index.php?rest_route=\/wp\/v2\/posts\/16938\/revisions"}],"predecessor-version":[{"id":16944,"href":"https:\/\/www.sportverband-detmold.de\/index.php?rest_route=\/wp\/v2\/posts\/16938\/revisions\/16944"}],"wp:featuredmedia":[{"embeddable":true,"href":"https:\/\/www.sportverband-detmold.de\/index.php?rest_route=\/wp\/v2\/media\/16939"}],"wp:attachment":[{"href":"https:\/\/www.sportverband-detmold.de\/index.php?rest_route=%2Fwp%2Fv2%2Fmedia&parent=16938"}],"wp:term":[{"taxonomy":"category","embeddable":true,"href":"https:\/\/www.sportverband-detmold.de\/index.php?rest_route=%2Fwp%2Fv2%2Fcategories&post=16938"},{"taxonomy":"post_tag","embeddable":true,"href":"https:\/\/www.sportverband-detmold.de\/index.php?rest_route=%2Fwp%2Fv2%2Ftags&post=16938"}],"curies":[{"name":"wp","href":"https:\/\/api.w.org\/{rel}","templated":true}]}}