{"id":1689,"date":"2014-01-27T11:36:12","date_gmt":"2014-01-27T10:36:12","guid":{"rendered":"http:\/\/www.sportverband-detmold.de\/?p=1689"},"modified":"2014-01-28T19:12:57","modified_gmt":"2014-01-28T18:12:57","slug":"podiumsdiskussion-war-ein-voller-erfolg","status":"publish","type":"post","link":"https:\/\/www.sportverband-detmold.de\/?p=1689","title":{"rendered":"Podiumsdiskussion war ein voller Erfolg"},"content":{"rendered":"<p>Die vom Sportverband Detmold e. V. veranstaltete Podiumsdiskussion mit den Vertretern der im Rat vertretenen Fraktionen war ein voller Erfolg, der Saal des Haus der Immobilie war voll, Frank Schr\u00f6der moderierte in gewohnt guter Manier, alle Fragen konnten beantwortet werden und alle Fraktionsvertreter versprachen den Sport in Detmold auch in der Zukunft zu unterst\u00fctzen.<\/p>\n<p>Besonders zu erw\u00e4hnen sind die positiven Aussagen zu den geplanten Kunstrasen-Sportpl\u00e4tzen\u00a0und bzgl. des Verzichtes auf Hallennutzungsgeb\u00fchren. Kritisch gesehen wurde nach wie vor die Situation Ganztagsschule und Sport im Sportverein. Vorgeschlagen wurde, die Arbeitgeber zu motivieren ihre Mitarbeiter \u00e4hnlich wie bei der Freiwilligen Feuerwehr f\u00fcr die \u00dcbungsleitert\u00e4tigkeiten tags\u00fcber freizustellen. Positiv bewertet wurde das Gespr\u00e4ch zwischen der Politik und dem Sport, das soll zuk\u00fcnftig regelm\u00e4\u00dfig erfolgen.<\/p>\n<p>Weitere Details finden Sie auch auf nachfolgender Ver\u00f6ffentlichung der LZ vom 25.1.2014.<\/p>\n<p><a href=\"https:\/\/www.sportverband-detmold.de\/wp-content\/uploads\/2014\/01\/SnipImage.jpg\"><img loading=\"lazy\" decoding=\"async\" class=\"aligncenter size-large wp-image-1695\" alt=\"SnipImage\" src=\"https:\/\/www.sportverband-detmold.de\/wp-content\/uploads\/2014\/01\/SnipImage-1024x410.jpg\" width=\"600\" height=\"240\" srcset=\"https:\/\/www.sportverband-detmold.de\/wp-content\/uploads\/2014\/01\/SnipImage-1024x410.jpg 1024w, https:\/\/www.sportverband-detmold.de\/wp-content\/uploads\/2014\/01\/SnipImage-300x120.jpg 300w, https:\/\/www.sportverband-detmold.de\/wp-content\/uploads\/2014\/01\/SnipImage.jpg 1072w\" sizes=\"auto, (max-width: 600px) 100vw, 600px\" \/><\/a><\/p>\n","protected":false},"excerpt":{"rendered":"<p>Die vom Sportverband Detmold e. V. veranstaltete Podiumsdiskussion mit den Vertretern der im Rat vertretenen Fraktionen war ein voller Erfolg, der Saal des Haus der Immobilie war voll, Frank Schr\u00f6der moderierte in gewohnt guter&#46;&#46;&#46;<\/p>\n","protected":false},"author":2,"featured_media":1695,"comment_status":"closed","ping_status":"closed","sticky":false,"template":"","format":"standard","meta":{"footnotes":""},"categories":[1],"tags":[99],"class_list":["post-1689","post","type-post","status-publish","format-standard","has-post-thumbnail","hentry","category-allgemein","tag-podiumsdiskussion"],"_links":{"self":[{"href":"https:\/\/www.sportverband-detmold.de\/index.php?rest_route=\/wp\/v2\/posts\/1689","targetHints":{"allow":["GET"]}}],"collection":[{"href":"https:\/\/www.sportverband-detmold.de\/index.php?rest_route=\/wp\/v2\/posts"}],"about":[{"href":"https:\/\/www.sportverband-detmold.de\/index.php?rest_route=\/wp\/v2\/types\/post"}],"author":[{"embeddable":true,"href":"https:\/\/www.sportverband-detmold.de\/index.php?rest_route=\/wp\/v2\/users\/2"}],"replies":[{"embeddable":true,"href":"https:\/\/www.sportverband-detmold.de\/index.php?rest_route=%2Fwp%2Fv2%2Fcomments&post=1689"}],"version-history":[{"count":3,"href":"https:\/\/www.sportverband-detmold.de\/index.php?rest_route=\/wp\/v2\/posts\/1689\/revisions"}],"predecessor-version":[{"id":1698,"href":"https:\/\/www.sportverband-detmold.de\/index.php?rest_route=\/wp\/v2\/posts\/1689\/revisions\/1698"}],"wp:featuredmedia":[{"embeddable":true,"href":"https:\/\/www.sportverband-detmold.de\/index.php?rest_route=\/wp\/v2\/media\/1695"}],"wp:attachment":[{"href":"https:\/\/www.sportverband-detmold.de\/index.php?rest_route=%2Fwp%2Fv2%2Fmedia&parent=1689"}],"wp:term":[{"taxonomy":"category","embeddable":true,"href":"https:\/\/www.sportverband-detmold.de\/index.php?rest_route=%2Fwp%2Fv2%2Fcategories&post=1689"},{"taxonomy":"post_tag","embeddable":true,"href":"https:\/\/www.sportverband-detmold.de\/index.php?rest_route=%2Fwp%2Fv2%2Ftags&post=1689"}],"curies":[{"name":"wp","href":"https:\/\/api.w.org\/{rel}","templated":true}]}}