{"id":16848,"date":"2022-05-11T10:23:53","date_gmt":"2022-05-11T08:23:53","guid":{"rendered":"https:\/\/www.sportverband-detmold.de\/?p=16848"},"modified":"2022-05-11T10:23:53","modified_gmt":"2022-05-11T08:23:53","slug":"superbedingungen-und-enttaeuschende-teilnehmerzahlen","status":"publish","type":"post","link":"https:\/\/www.sportverband-detmold.de\/?p=16848","title":{"rendered":"Superbedingungen und entt\u00e4uschende Teilnehmerzahlen"},"content":{"rendered":"<p><a href=\"https:\/\/www.sportverband-detmold.de\/wp-content\/uploads\/2022\/05\/IMG_7038.jpeg\"><img loading=\"lazy\" decoding=\"async\" class=\"alignright size-medium wp-image-16849\" src=\"https:\/\/www.sportverband-detmold.de\/wp-content\/uploads\/2022\/05\/IMG_7038-300x169.jpeg\" alt=\"\" width=\"300\" height=\"169\" srcset=\"https:\/\/www.sportverband-detmold.de\/wp-content\/uploads\/2022\/05\/IMG_7038-300x169.jpeg 300w, https:\/\/www.sportverband-detmold.de\/wp-content\/uploads\/2022\/05\/IMG_7038-1024x576.jpeg 1024w, https:\/\/www.sportverband-detmold.de\/wp-content\/uploads\/2022\/05\/IMG_7038-768x432.jpeg 768w, https:\/\/www.sportverband-detmold.de\/wp-content\/uploads\/2022\/05\/IMG_7038.jpeg 1280w\" sizes=\"auto, (max-width: 300px) 100vw, 300px\" \/><\/a>Eigentlich war alles perfekt f\u00fcr die lippischen und Ostwestfalenmeisterschaften im Mehrkampf im Stadion von Blomberg: Herrliches Wetter &#8211; sogar mit R\u00fcckenwind &#8211; , eingehende Veranstaltungsvorbereitung durch Ulrich Offel und die gastgebende LG Lippe-S\u00fcd, eine reichhaltige Cafeteria und ein passender Zeitplan. Trotzdem waren die Organisatoren nicht recht zufrieden, denn die Teilnehmerzahlen lie\u00dfen zu w\u00fcnschen \u00fcbrig.<\/p>\n<p>\u201eDass die \u00c4lteren wegen der in zwei Wochen stattfindenden NRW-Mehrk\u00e4mpfe an diesem Wochenende sich im Zehn-, Neun- und Siebenkampf zur\u00fcck gehalten haben, ist nachvollziehbar\u201c, war Klaus Brand zu h\u00f6ren, und Jugendwart Guido Mertens erg\u00e4nzte: \u201eDoch nicht zu akzeptieren ist die fehlende Pr\u00e4senz bei den Kindern, obwohl die lippischen LGs betonen, gro\u00dfe Gruppen zu haben. Und Axel Offel mutma\u00dfte, dass die Corona-Auswirkungen wohl gr\u00f6\u00dfer sein k\u00f6nnten als gedacht.<\/p>\n<p>Wie auch immer: Die hervorragenden Bedingungen wurden gern angenommen: Im Zehnkampf der M\u00e4nner siegte Aaron Thies (LG B\u00fcnde-L\u00f6hne), u.a. mit 4,00m im Stabhochsprung oder 45,47m im Speerwurf.<span class=\"Apple-converted-space\">\u00a0 <\/span>Im Zehnkampf U20 wusste Gerrit Justin Gr\u00f6ne (LG Lippe-S\u00fcd) zu gefallen, der 6,39m weit, 1,76m hoch sprang und 44,25m mit dem Speer aufweisen konnte. Im Zehnkampf U18 lief Till Morawietz (LG Lippe-S\u00fcd) mit 11,39s die schnellste Zeit des Tages, doch der Sieg ging an Mannschaftskamerad Gerrit Sch\u00e4fers, u.a. mit einem 32,17m-Diskuswurf. Im Siebenkampf der Frauen distanzierte Sarina Brockmann (LG B\u00fcnde-L\u00f6hne) die Konkurrenz u.a. mit tollen Spr\u00fcngen: 1,76m hoch und 5,59m weit. In der U20 lief Katharina Trapphoff (LC Paderborn) 15,78s \u00fcber die 100m H\u00fcrden. Bei der U18 kam Mannschaftskameradin Katie Cook auf 34,42m im Speerwurf, und Josefine Harms (LG Lippe-S\u00fcd) lief mit 13,16s die schnellste Tageszeit.<\/p>\n<p><a href=\"https:\/\/www.sportverband-detmold.de\/wp-content\/uploads\/2022\/05\/IMG_7037.jpeg\"><img loading=\"lazy\" decoding=\"async\" class=\"alignleft size-medium wp-image-16850\" src=\"https:\/\/www.sportverband-detmold.de\/wp-content\/uploads\/2022\/05\/IMG_7037-300x169.jpeg\" alt=\"\" width=\"300\" height=\"169\" srcset=\"https:\/\/www.sportverband-detmold.de\/wp-content\/uploads\/2022\/05\/IMG_7037-300x169.jpeg 300w, https:\/\/www.sportverband-detmold.de\/wp-content\/uploads\/2022\/05\/IMG_7037-1024x576.jpeg 1024w, https:\/\/www.sportverband-detmold.de\/wp-content\/uploads\/2022\/05\/IMG_7037-768x432.jpeg 768w, https:\/\/www.sportverband-detmold.de\/wp-content\/uploads\/2022\/05\/IMG_7037.jpeg 1280w\" sizes=\"auto, (max-width: 300px) 100vw, 300px\" \/><\/a>Bei den Kindern ragte in M\u00e4dchen besonders heraus: Greta Spie\u00df (LG Lippe-S\u00fcd) lief in W11 mit 7,58s \u00fcber 50m eine Zeit, die seit vielen Jahren in Lippe nicht gelaufen worden ist, au\u00dferdem sprang sie 4,05m weit, 1,18m hoch und warf den Schlagball 38m weit. Nat\u00fcrlich gewann sie damit nicht nur den Drei-, sondern auch den Vierkampf. In der W13 sprangen Lisanne Harms und Karoline Essing (beide LG Lippe-S\u00fcd) 1,36m hoch, und in M14 stie\u00df Jannis Brand die Kugel auf 10,55m, und Luca David (beide LG Lippe-S\u00fcd) sprang 4,63m weit.<\/p>\n<p>Die Mannschaftswertungen gingen alle an die LG Lippe-S\u00fcd: M\u00e4nnliche Jugend U14 (Akar-Heidberg-Kr\u00fcger-Mellies-Sch\u00e4fers-G\u00f6rder) Dreikampf- und Vierkampf 4815 bzw. 6180 Punkte, m\u00e4nnliche Kinder U12 (P\u00f6hl-Diestelmann-Kr\u00f6ger-Mertens-Peine) Dreikampf 4296 Punkte.<\/p>\n<p>Die komplette Ergebnisliste unter www.flvw.de\/Termindatenbank<span class=\"Apple-converted-space\">\u00a0<\/span><\/p>\n<p><b>Gez. Klaus Brand, VKLA<\/b><\/p>\n","protected":false},"excerpt":{"rendered":"<p>Eigentlich war alles perfekt f\u00fcr die lippischen und Ostwestfalenmeisterschaften im Mehrkampf im Stadion von Blomberg: Herrliches Wetter &#8211; sogar mit R\u00fcckenwind &#8211; , eingehende Veranstaltungsvorbereitung durch Ulrich Offel und die gastgebende LG Lippe-S\u00fcd, eine&#46;&#46;&#46;<\/p>\n","protected":false},"author":1,"featured_media":16849,"comment_status":"closed","ping_status":"closed","sticky":false,"template":"","format":"standard","meta":{"footnotes":""},"categories":[1],"tags":[],"class_list":["post-16848","post","type-post","status-publish","format-standard","has-post-thumbnail","hentry","category-allgemein"],"_links":{"self":[{"href":"https:\/\/www.sportverband-detmold.de\/index.php?rest_route=\/wp\/v2\/posts\/16848","targetHints":{"allow":["GET"]}}],"collection":[{"href":"https:\/\/www.sportverband-detmold.de\/index.php?rest_route=\/wp\/v2\/posts"}],"about":[{"href":"https:\/\/www.sportverband-detmold.de\/index.php?rest_route=\/wp\/v2\/types\/post"}],"author":[{"embeddable":true,"href":"https:\/\/www.sportverband-detmold.de\/index.php?rest_route=\/wp\/v2\/users\/1"}],"replies":[{"embeddable":true,"href":"https:\/\/www.sportverband-detmold.de\/index.php?rest_route=%2Fwp%2Fv2%2Fcomments&post=16848"}],"version-history":[{"count":2,"href":"https:\/\/www.sportverband-detmold.de\/index.php?rest_route=\/wp\/v2\/posts\/16848\/revisions"}],"predecessor-version":[{"id":16852,"href":"https:\/\/www.sportverband-detmold.de\/index.php?rest_route=\/wp\/v2\/posts\/16848\/revisions\/16852"}],"wp:featuredmedia":[{"embeddable":true,"href":"https:\/\/www.sportverband-detmold.de\/index.php?rest_route=\/wp\/v2\/media\/16849"}],"wp:attachment":[{"href":"https:\/\/www.sportverband-detmold.de\/index.php?rest_route=%2Fwp%2Fv2%2Fmedia&parent=16848"}],"wp:term":[{"taxonomy":"category","embeddable":true,"href":"https:\/\/www.sportverband-detmold.de\/index.php?rest_route=%2Fwp%2Fv2%2Fcategories&post=16848"},{"taxonomy":"post_tag","embeddable":true,"href":"https:\/\/www.sportverband-detmold.de\/index.php?rest_route=%2Fwp%2Fv2%2Ftags&post=16848"}],"curies":[{"name":"wp","href":"https:\/\/api.w.org\/{rel}","templated":true}]}}