{"id":1662,"date":"2014-01-31T18:20:05","date_gmt":"2014-01-31T17:20:05","guid":{"rendered":"http:\/\/www.sportverband-detmold.de\/?p=1662"},"modified":"2014-02-01T08:10:41","modified_gmt":"2014-02-01T07:10:41","slug":"einladung-zu-einer-informationsveranstaltung-zum-thema-sport-mit-kindern-und-jugendlichen-im-sportverein","status":"publish","type":"post","link":"https:\/\/www.sportverband-detmold.de\/?p=1662","title":{"rendered":"Einladung zu einer Informationsveranstaltung zum Thema Sport mit Kindern und Jugendlichen im Sportverein"},"content":{"rendered":"<p>Hiermit\u00a0m\u00f6chten wir zu einer sehr interessanten Gemeinschaftsveranstaltung des Sportverbandes Detmold e. V. und des Kreissportbundes Lippe e. V. einladen. Es geht um den Sport f\u00fcr unsere Kinder und Jugendlichen und das ist unserer Meinung nach wichtiger denn je!<\/p>\n<p>Stattfinden soll diese<\/p>\n<ul>\n<li>am Mittwoch, 05.02.2014\n<p><div id=\"attachment_1671\" style=\"width: 215px\" class=\"wp-caption alignright\"><a href=\"https:\/\/www.sportverband-detmold.de\/wp-content\/uploads\/2014\/01\/Prof.-Dr.-Wolf-Dietrich-Brettschneider.jpg\"><img loading=\"lazy\" decoding=\"async\" aria-describedby=\"caption-attachment-1671\" class=\"size-medium wp-image-1671\" alt=\"Prof. Dr. Wolf-Dietrich Brettschneider\" src=\"https:\/\/www.sportverband-detmold.de\/wp-content\/uploads\/2014\/01\/Prof.-Dr.-Wolf-Dietrich-Brettschneider-205x300.jpg\" width=\"205\" height=\"300\" srcset=\"https:\/\/www.sportverband-detmold.de\/wp-content\/uploads\/2014\/01\/Prof.-Dr.-Wolf-Dietrich-Brettschneider-205x300.jpg 205w, https:\/\/www.sportverband-detmold.de\/wp-content\/uploads\/2014\/01\/Prof.-Dr.-Wolf-Dietrich-Brettschneider-701x1024.jpg 701w, https:\/\/www.sportverband-detmold.de\/wp-content\/uploads\/2014\/01\/Prof.-Dr.-Wolf-Dietrich-Brettschneider.jpg 1090w\" sizes=\"auto, (max-width: 205px) 100vw, 205px\" \/><\/a><p id=\"caption-attachment-1671\" class=\"wp-caption-text\">Prof. Dr. Wolf-Dietrich Brettschneider<\/p><\/div><\/li>\n<li>um 19:00 Uhr<\/li>\n<li>im Kommunikationszentrum der Sparkasse Paderborn-Detmold in Detmold, Bielefelder Str. 2<\/li>\n<\/ul>\n<p><b><span style=\"color: #888888; text-decoration: underline;\">Programm<\/span>:<\/b><\/p>\n<p>19.00 Uhr: \u00a0\u00a0\u00a0 Begr\u00fc\u00dfung und Gru\u00dfworte<\/p>\n<p>19.15 Uhr: \u00a0\u00a0\u00a0 Vortrag \u201eAufwachsen mit Sport zwischen Kindheit und Jugend\u201c\u00a0von\u00a0Herrn Prof. Wolff-Dietrich Brettschneider, Paderborn,\u00a0anschlie\u00dfend Diskussion<\/p>\n<p>20.15 Uhr: \u00a0\u00a0\u00a0 Vorstellung und Start der Aktion \u201eSpoKK \u2013 Sport genie\u00dfen &#8211; mit klarem Kopf\u201c\u00a0durch die Arbeitsgruppe, anschlie\u00dfend Diskussion<\/p>\n<p>Wir freuen uns auf eine aufschlussreiche Veranstaltung.<\/p>\n","protected":false},"excerpt":{"rendered":"<p>Hiermit\u00a0m\u00f6chten wir zu einer sehr interessanten Gemeinschaftsveranstaltung des Sportverbandes Detmold e. V. und des Kreissportbundes Lippe e. V. einladen. Es geht um den Sport f\u00fcr unsere Kinder und Jugendlichen und das ist unserer Meinung&#46;&#46;&#46;<\/p>\n","protected":false},"author":2,"featured_media":1663,"comment_status":"closed","ping_status":"closed","sticky":false,"template":"","format":"standard","meta":{"footnotes":""},"categories":[1,87],"tags":[114,100,101,5],"class_list":["post-1662","post","type-post","status-publish","format-standard","has-post-thumbnail","hentry","category-allgemein","category-jugend","tag-jugend","tag-kinder","tag-studie","tag-verein"],"_links":{"self":[{"href":"https:\/\/www.sportverband-detmold.de\/index.php?rest_route=\/wp\/v2\/posts\/1662","targetHints":{"allow":["GET"]}}],"collection":[{"href":"https:\/\/www.sportverband-detmold.de\/index.php?rest_route=\/wp\/v2\/posts"}],"about":[{"href":"https:\/\/www.sportverband-detmold.de\/index.php?rest_route=\/wp\/v2\/types\/post"}],"author":[{"embeddable":true,"href":"https:\/\/www.sportverband-detmold.de\/index.php?rest_route=\/wp\/v2\/users\/2"}],"replies":[{"embeddable":true,"href":"https:\/\/www.sportverband-detmold.de\/index.php?rest_route=%2Fwp%2Fv2%2Fcomments&post=1662"}],"version-history":[{"count":9,"href":"https:\/\/www.sportverband-detmold.de\/index.php?rest_route=\/wp\/v2\/posts\/1662\/revisions"}],"predecessor-version":[{"id":1711,"href":"https:\/\/www.sportverband-detmold.de\/index.php?rest_route=\/wp\/v2\/posts\/1662\/revisions\/1711"}],"wp:featuredmedia":[{"embeddable":true,"href":"https:\/\/www.sportverband-detmold.de\/index.php?rest_route=\/wp\/v2\/media\/1663"}],"wp:attachment":[{"href":"https:\/\/www.sportverband-detmold.de\/index.php?rest_route=%2Fwp%2Fv2%2Fmedia&parent=1662"}],"wp:term":[{"taxonomy":"category","embeddable":true,"href":"https:\/\/www.sportverband-detmold.de\/index.php?rest_route=%2Fwp%2Fv2%2Fcategories&post=1662"},{"taxonomy":"post_tag","embeddable":true,"href":"https:\/\/www.sportverband-detmold.de\/index.php?rest_route=%2Fwp%2Fv2%2Ftags&post=1662"}],"curies":[{"name":"wp","href":"https:\/\/api.w.org\/{rel}","templated":true}]}}