{"id":16464,"date":"2021-12-01T09:25:51","date_gmt":"2021-12-01T08:25:51","guid":{"rendered":"http:\/\/www.sportverband-detmold.de\/?p=16464"},"modified":"2021-12-01T09:25:51","modified_gmt":"2021-12-01T08:25:51","slug":"nrw-coronaschutzverordnung-im-amateursport","status":"publish","type":"post","link":"https:\/\/www.sportverband-detmold.de\/?p=16464","title":{"rendered":"NRW-Coronaschutzverordnung im Amateursport"},"content":{"rendered":"<p>Liebe Sportfreunde,<a href=\"https:\/\/www.sportverband-detmold.de\/wp-content\/uploads\/2015\/04\/Bildschirmfoto-2015-04-22-um-20.23.21.png\"><img loading=\"lazy\" decoding=\"async\" class=\"alignright size-full wp-image-2323\" src=\"https:\/\/www.sportverband-detmold.de\/wp-content\/uploads\/2015\/04\/Bildschirmfoto-2015-04-22-um-20.23.21.png\" alt=\"\" width=\"298\" height=\"218\" srcset=\"https:\/\/www.sportverband-detmold.de\/wp-content\/uploads\/2015\/04\/Bildschirmfoto-2015-04-22-um-20.23.21.png 298w, https:\/\/www.sportverband-detmold.de\/wp-content\/uploads\/2015\/04\/Bildschirmfoto-2015-04-22-um-20.23.21-70x50.png 70w\" sizes=\"auto, (max-width: 298px) 100vw, 298px\" \/><\/a><\/p>\n<p>zun\u00e4chst wirkte es, als gelte anhand der neuen NRW-Coronaschutzverordnung (CoronaSchVO) im Amateursport die 2G-Regel. Nun vorerst die Rolle r\u00fcckw\u00e4rts mit 3G \u2013 unter einer Voraussetzung.<\/p>\n<p>Diese Voraussetzung f\u00fcr die Teilnahme am Trainings- und Spielbetrieb ist ein PCR-Test, der nicht \u00e4lter als 48 Stunden sein darf. Nach der Pressekonferenz zur neuen CoronaSchVO am vergangenen Dienstag war dies zun\u00e4chst unklar.<\/p>\n<p>Statt weiterer Erl\u00e4uterungen verweise ich auf die erg\u00e4nzenden Anwendungshinweise &#8211; Gemeinsame Sportaus\u00fcbung &#8211; \u00a0vom 26.11.2021 zur neuen CoronaSchVO.<\/p>\n<p>Erforderlich f\u00fcr die Anwendbarkeit der Ausnahme f\u00fcr die Sportlerinnen und Sportler ist, dass die Fachverb\u00e4nde der Sportart dem Landessportbund NRW oder einer Mitgliedsorganisation des DOSB angeh\u00f6ren.<\/p>\n<p>Viele Gr\u00fc\u00dfe und bleiben Sie gesund<\/p>\n<p>i.A.<\/p>\n<p>Andreas H\u00fclsdonk<\/p>\n<p>Stadt Detmold<\/p>\n<p>Fachbereich 2 Jugend, Schule, Sport<\/p>\n<p>Teamleitung<\/p>\n<p>Allgemeine Sportverwaltung, B\u00e4derbetriebe<\/p>\n<p>Zimmer 2.12<\/p>\n<p>Heldmanstra\u00dfe 24<\/p>\n<p>32756 Detmold<\/p>\n<p>Telefon: 05231 977-781<\/p>\n<p>Telefax: 05231 977-8781<\/p>\n<p><a href=\"mailto:a.huelsdonk@detmold.de\">a.huelsdonk@detmold.de<\/a><\/p>\n<p><a href=\"http:\/\/www.detmold.de\/\" data-saferedirecturl=\"https:\/\/www.google.com\/url?q=http:\/\/www.detmold.de\/&amp;source=gmail&amp;ust=1638433165305000&amp;usg=AOvVaw3XqyOol7fqJjD8Sp6pXp38\">www.detmold.de<\/a><\/p>\n<p>&nbsp;<\/p>\n<p><strong>PDF hier herunterladen:<\/strong><\/p>\n<p><a href=\"https:\/\/www.sportverband-detmold.de\/wp-content\/uploads\/2021\/12\/211126_Zweiter-Begleiterlass-CoronaSchVO.pdf\">211126_Zweiter Begleiterlass CoronaSchVO<\/a><\/p>\n<p>&nbsp;<\/p>\n","protected":false},"excerpt":{"rendered":"<p>Liebe Sportfreunde, zun\u00e4chst wirkte es, als gelte anhand der neuen NRW-Coronaschutzverordnung (CoronaSchVO) im Amateursport die 2G-Regel. Nun vorerst die Rolle r\u00fcckw\u00e4rts mit 3G \u2013 unter einer Voraussetzung. Diese Voraussetzung f\u00fcr die Teilnahme am Trainings-&#46;&#46;&#46;<\/p>\n","protected":false},"author":1,"featured_media":2323,"comment_status":"closed","ping_status":"closed","sticky":false,"template":"","format":"standard","meta":{"footnotes":""},"categories":[1],"tags":[],"class_list":["post-16464","post","type-post","status-publish","format-standard","has-post-thumbnail","hentry","category-allgemein"],"_links":{"self":[{"href":"https:\/\/www.sportverband-detmold.de\/index.php?rest_route=\/wp\/v2\/posts\/16464","targetHints":{"allow":["GET"]}}],"collection":[{"href":"https:\/\/www.sportverband-detmold.de\/index.php?rest_route=\/wp\/v2\/posts"}],"about":[{"href":"https:\/\/www.sportverband-detmold.de\/index.php?rest_route=\/wp\/v2\/types\/post"}],"author":[{"embeddable":true,"href":"https:\/\/www.sportverband-detmold.de\/index.php?rest_route=\/wp\/v2\/users\/1"}],"replies":[{"embeddable":true,"href":"https:\/\/www.sportverband-detmold.de\/index.php?rest_route=%2Fwp%2Fv2%2Fcomments&post=16464"}],"version-history":[{"count":2,"href":"https:\/\/www.sportverband-detmold.de\/index.php?rest_route=\/wp\/v2\/posts\/16464\/revisions"}],"predecessor-version":[{"id":16467,"href":"https:\/\/www.sportverband-detmold.de\/index.php?rest_route=\/wp\/v2\/posts\/16464\/revisions\/16467"}],"wp:featuredmedia":[{"embeddable":true,"href":"https:\/\/www.sportverband-detmold.de\/index.php?rest_route=\/wp\/v2\/media\/2323"}],"wp:attachment":[{"href":"https:\/\/www.sportverband-detmold.de\/index.php?rest_route=%2Fwp%2Fv2%2Fmedia&parent=16464"}],"wp:term":[{"taxonomy":"category","embeddable":true,"href":"https:\/\/www.sportverband-detmold.de\/index.php?rest_route=%2Fwp%2Fv2%2Fcategories&post=16464"},{"taxonomy":"post_tag","embeddable":true,"href":"https:\/\/www.sportverband-detmold.de\/index.php?rest_route=%2Fwp%2Fv2%2Ftags&post=16464"}],"curies":[{"name":"wp","href":"https:\/\/api.w.org\/{rel}","templated":true}]}}