{"id":16230,"date":"2021-08-26T07:57:47","date_gmt":"2021-08-26T05:57:47","guid":{"rendered":"http:\/\/www.sportverband-detmold.de\/?p=16230"},"modified":"2021-08-26T07:57:47","modified_gmt":"2021-08-26T05:57:47","slug":"sportabzeichenehrung-auf-dem-hiddeser-bent-am-24-8-2021","status":"publish","type":"post","link":"https:\/\/www.sportverband-detmold.de\/?p=16230","title":{"rendered":"Sportabzeichenehrung auf dem Hiddeser Bent am 24.8.2021"},"content":{"rendered":"<div id=\"attachment_16228\" style=\"width: 310px\" class=\"wp-caption alignright\"><a href=\"https:\/\/www.sportverband-detmold.de\/wp-content\/uploads\/2021\/08\/grosse_Gruppe-scaled.jpg\"><img loading=\"lazy\" decoding=\"async\" aria-describedby=\"caption-attachment-16228\" class=\"wp-image-16228 size-medium\" src=\"https:\/\/www.sportverband-detmold.de\/wp-content\/uploads\/2021\/08\/grosse_Gruppe-300x169.jpg\" alt=\"\" width=\"300\" height=\"169\" srcset=\"https:\/\/www.sportverband-detmold.de\/wp-content\/uploads\/2021\/08\/grosse_Gruppe-300x169.jpg 300w, https:\/\/www.sportverband-detmold.de\/wp-content\/uploads\/2021\/08\/grosse_Gruppe-1024x576.jpg 1024w, https:\/\/www.sportverband-detmold.de\/wp-content\/uploads\/2021\/08\/grosse_Gruppe-768x432.jpg 768w, https:\/\/www.sportverband-detmold.de\/wp-content\/uploads\/2021\/08\/grosse_Gruppe-1536x864.jpg 1536w, https:\/\/www.sportverband-detmold.de\/wp-content\/uploads\/2021\/08\/grosse_Gruppe-2048x1152.jpg 2048w\" sizes=\"auto, (max-width: 300px) 100vw, 300px\" \/><\/a><p id=\"caption-attachment-16228\" class=\"wp-caption-text\">Pers\u00f6nlich Geehrte und Funktioner der Schulen, des Sportverbands, der Stadt Detmold und des VfL Hiddesen. Foto: Hajo G\u00e4rtner<\/p><\/div>\n<p>\u201eAlle Jahre wieder\u2026.\u201c \u2013 so beginnt nicht nur das bekannte Weihnachtslied, sondern ist auch eine Erkenntnis, dass aufgrund langj\u00e4hriger sportlicher Leistungen diese geb\u00fchrend zu w\u00fcrdigen sind.<\/p>\n<p>An dem Sportplatz des VfL Hiddesen begr\u00fc\u00dfte Carsten Lemm als Vorsitzender des Sportverbands Detmold die erschienenen und besonders zu ehrenden Absolvierer des Deutschen Sportabzeichens. Das Gru\u00dfwort der Stadt Detmold sprach die stellvertretende B\u00fcrgermeisterin Elke Wittek, die zusammen mit Julia Janzen und Uli Dubbert die Gratulation im Namen des Rates und des B\u00fcrgermeisters \u00fcberbrachte. Zwar habe Corona die Aus\u00fcbung des Sports beeintr\u00e4chtigt, aber es sei erfreulich, dass alle Altersgruppen in Detmold das Sportabzeichen errungen haben. Besonders zu erw\u00e4hnen sei, dass die Schulen die Absolvierung der hierf\u00fcr gestellten sportlichen Bedingungen durch ihre Sch\u00fcler f\u00f6rdern.<\/p>\n<p>Dank und Anerkennung mittels Urkunde der Stadt und eines Geschenks des Sportverbands erhielten folgende Geehrte: Der 84-j\u00e4hrige Hans-Kurt Hellberg vom TV Heidenoldendorf, der sich seit 1949 den sportlichen Herausforderungen stellt; der 80-j\u00e4hrige Klaus-Dieter Niewald vom ehemaligen Verein 1860 Detmold f\u00fcr die 35. Wiederholung; Edith Sch\u00f6nw\u00e4lder vom SV Jerxen-Orbke f\u00fcr die 45. Wiederholung; Wilfried Kampmeier vom VfL Hiddesen ebenfalls f\u00fcr die 45. Wiederholung; Michael Kersting f\u00fcr die 30. Wiederholung.<\/p>\n<div id=\"attachment_16229\" style=\"width: 310px\" class=\"wp-caption alignleft\"><a href=\"https:\/\/www.sportverband-detmold.de\/wp-content\/uploads\/2021\/08\/T-Shirt-scaled.jpg\"><img loading=\"lazy\" decoding=\"async\" aria-describedby=\"caption-attachment-16229\" class=\"wp-image-16229 size-medium\" src=\"https:\/\/www.sportverband-detmold.de\/wp-content\/uploads\/2021\/08\/T-Shirt-300x169.jpg\" alt=\"\" width=\"300\" height=\"169\" srcset=\"https:\/\/www.sportverband-detmold.de\/wp-content\/uploads\/2021\/08\/T-Shirt-300x169.jpg 300w, https:\/\/www.sportverband-detmold.de\/wp-content\/uploads\/2021\/08\/T-Shirt-1024x576.jpg 1024w, https:\/\/www.sportverband-detmold.de\/wp-content\/uploads\/2021\/08\/T-Shirt-768x432.jpg 768w, https:\/\/www.sportverband-detmold.de\/wp-content\/uploads\/2021\/08\/T-Shirt-1536x864.jpg 1536w, https:\/\/www.sportverband-detmold.de\/wp-content\/uploads\/2021\/08\/T-Shirt-2048x1152.jpg 2048w\" sizes=\"auto, (max-width: 300px) 100vw, 300px\" \/><\/a><p id=\"caption-attachment-16229\" class=\"wp-caption-text\">Sportabzeichen-Fachwart Arnold Bauer nimmt als Dank f\u00fcr sein Engagement ein Sportshirt des Sportverbands entgegen. Foto: Hajo G\u00e4rtner<\/p><\/div>\n<p>Der Vereinsvorsitzende des VfL Hiddesen, Henning Stiegmann, nahm die Urkunde f\u00fcr 121 Abnahmen des Vereins entgegen, deren Erf\u00fcllung montags auf dem Sportplatz durch ehrenamtliche Helfer m\u00f6glich sei.<\/p>\n<p>Die Fa. Weidm\u00fcller Interface erhielt f\u00fcr 24 Erwerber eine Urkunde.<\/p>\n<p>Der Schulleiter der Grundschule Heiligenkirchen Schnittker freute sich, f\u00fcr insgesamt 27 Absolvierungen des Abzeichens eine Urkunde entgegen nehmen zu k\u00f6nnen und wies darauf hin, dass drei Stunden Sport pro Klasse in der Woche durchgef\u00fchrt werden. Eine Urkunde erhielt auch das Gymnasium Leopoldinum f\u00fcr die Ableistung der Sportbedingungen durch ein Viertel der Sch\u00fcler\/-innen. Das Schul-Highlight war allerdings erneut die August-Hermann-Francke-Hauptschule mit 293 Ableistungen. Schulleiter Erich Albrecht konnte zu Recht stolz auf diese Zahl sein. Allerdings merkte er kritisch an, dass der Schwimmunterricht wieder verst\u00e4rkt m\u00f6glich sein m\u00fcsse, was im vergangenen Jahr nicht der Fall war. Carsten Lemm pflichtete dem unter Hinweis auf die gen\u00fcgend zur Verf\u00fcgung stehenden Wasserfl\u00e4chen bei, allerdings st\u00fcnden zu wenig Schwimmlehrer zur Verf\u00fcgung. Er wies aber auch auf die k\u00fcrzlich durchgef\u00fchrten Schwimm-Aktionen des Sportverbands zusammen mit der Stadt hin.<\/p>\n<p>Nach dem offiziellen Teil der Veranstaltung wurden noch manche anregenden Gespr\u00e4che bei Kaltgetr\u00e4nken gef\u00fchrt.<\/p>\n","protected":false},"excerpt":{"rendered":"<p>\u201eAlle Jahre wieder\u2026.\u201c \u2013 so beginnt nicht nur das bekannte Weihnachtslied, sondern ist auch eine Erkenntnis, dass aufgrund langj\u00e4hriger sportlicher Leistungen diese geb\u00fchrend zu w\u00fcrdigen sind. An dem Sportplatz des VfL Hiddesen begr\u00fc\u00dfte Carsten&#46;&#46;&#46;<\/p>\n","protected":false},"author":1,"featured_media":16228,"comment_status":"closed","ping_status":"closed","sticky":false,"template":"","format":"standard","meta":{"footnotes":""},"categories":[1],"tags":[],"class_list":["post-16230","post","type-post","status-publish","format-standard","has-post-thumbnail","hentry","category-allgemein"],"_links":{"self":[{"href":"https:\/\/www.sportverband-detmold.de\/index.php?rest_route=\/wp\/v2\/posts\/16230","targetHints":{"allow":["GET"]}}],"collection":[{"href":"https:\/\/www.sportverband-detmold.de\/index.php?rest_route=\/wp\/v2\/posts"}],"about":[{"href":"https:\/\/www.sportverband-detmold.de\/index.php?rest_route=\/wp\/v2\/types\/post"}],"author":[{"embeddable":true,"href":"https:\/\/www.sportverband-detmold.de\/index.php?rest_route=\/wp\/v2\/users\/1"}],"replies":[{"embeddable":true,"href":"https:\/\/www.sportverband-detmold.de\/index.php?rest_route=%2Fwp%2Fv2%2Fcomments&post=16230"}],"version-history":[{"count":2,"href":"https:\/\/www.sportverband-detmold.de\/index.php?rest_route=\/wp\/v2\/posts\/16230\/revisions"}],"predecessor-version":[{"id":16232,"href":"https:\/\/www.sportverband-detmold.de\/index.php?rest_route=\/wp\/v2\/posts\/16230\/revisions\/16232"}],"wp:featuredmedia":[{"embeddable":true,"href":"https:\/\/www.sportverband-detmold.de\/index.php?rest_route=\/wp\/v2\/media\/16228"}],"wp:attachment":[{"href":"https:\/\/www.sportverband-detmold.de\/index.php?rest_route=%2Fwp%2Fv2%2Fmedia&parent=16230"}],"wp:term":[{"taxonomy":"category","embeddable":true,"href":"https:\/\/www.sportverband-detmold.de\/index.php?rest_route=%2Fwp%2Fv2%2Fcategories&post=16230"},{"taxonomy":"post_tag","embeddable":true,"href":"https:\/\/www.sportverband-detmold.de\/index.php?rest_route=%2Fwp%2Fv2%2Ftags&post=16230"}],"curies":[{"name":"wp","href":"https:\/\/api.w.org\/{rel}","templated":true}]}}