{"id":153,"date":"2009-08-04T06:20:52","date_gmt":"2009-08-04T04:20:52","guid":{"rendered":"http:\/\/www.sportverband-detmold.de\/?p=153"},"modified":"2009-08-04T06:20:52","modified_gmt":"2009-08-04T04:20:52","slug":"100-jahre-turnverein-09-pivitsheide-e-v","status":"publish","type":"post","link":"https:\/\/www.sportverband-detmold.de\/?p=153","title":{"rendered":"100 Jahre Turnverein 09 Pivitsheide e. V."},"content":{"rendered":"<p>Der TV 09 Pivitsheide e. V. feiert in diesem Jahr sein 100j\u00e4hriges Jubil\u00e4um! Die Feierlichkeiten beginnen am 5. September mit einer Sportschau und einem Festball im Haus Senne in Augustdorf, weitere Veranstaltungen sollen folgen.<br \/>\nDer Sportverband gratuliert dem TV 09 Pivitsheide mit seinem r\u00fchrigen Vorsitzenden Klaus Thei\u00df und seinen 772 Mitgliedern und w\u00fcnscht f\u00fcr die Zukunft alles Gute!<\/p>\n<p>siehe auch <a href=\"http:\/\/www.tv09pivitsheide.de\">www.tv09pivitsheide.de<\/a><\/p>\n","protected":false},"excerpt":{"rendered":"<p>Der TV 09 Pivitsheide e. V. feiert in diesem Jahr sein 100j\u00e4hriges Jubil\u00e4um! Die Feierlichkeiten beginnen am 5. September mit einer Sportschau und einem Festball im Haus Senne in Augustdorf, weitere Veranstaltungen sollen folgen.&#46;&#46;&#46;<\/p>\n","protected":false},"author":2,"featured_media":0,"comment_status":"closed","ping_status":"closed","sticky":false,"template":"","format":"standard","meta":{"footnotes":""},"categories":[20],"tags":[21],"class_list":["post-153","post","type-post","status-publish","format-standard","hentry","category-jubilaen","tag-jubilaum"],"_links":{"self":[{"href":"https:\/\/www.sportverband-detmold.de\/index.php?rest_route=\/wp\/v2\/posts\/153","targetHints":{"allow":["GET"]}}],"collection":[{"href":"https:\/\/www.sportverband-detmold.de\/index.php?rest_route=\/wp\/v2\/posts"}],"about":[{"href":"https:\/\/www.sportverband-detmold.de\/index.php?rest_route=\/wp\/v2\/types\/post"}],"author":[{"embeddable":true,"href":"https:\/\/www.sportverband-detmold.de\/index.php?rest_route=\/wp\/v2\/users\/2"}],"replies":[{"embeddable":true,"href":"https:\/\/www.sportverband-detmold.de\/index.php?rest_route=%2Fwp%2Fv2%2Fcomments&post=153"}],"version-history":[{"count":2,"href":"https:\/\/www.sportverband-detmold.de\/index.php?rest_route=\/wp\/v2\/posts\/153\/revisions"}],"predecessor-version":[{"id":230,"href":"https:\/\/www.sportverband-detmold.de\/index.php?rest_route=\/wp\/v2\/posts\/153\/revisions\/230"}],"wp:attachment":[{"href":"https:\/\/www.sportverband-detmold.de\/index.php?rest_route=%2Fwp%2Fv2%2Fmedia&parent=153"}],"wp:term":[{"taxonomy":"category","embeddable":true,"href":"https:\/\/www.sportverband-detmold.de\/index.php?rest_route=%2Fwp%2Fv2%2Fcategories&post=153"},{"taxonomy":"post_tag","embeddable":true,"href":"https:\/\/www.sportverband-detmold.de\/index.php?rest_route=%2Fwp%2Fv2%2Ftags&post=153"}],"curies":[{"name":"wp","href":"https:\/\/api.w.org\/{rel}","templated":true}]}}